{"id":835,"date":"2022-05-18T08:03:29","date_gmt":"2022-05-18T08:03:29","guid":{"rendered":"http:\/\/www.isyeg.com\/?p=835"},"modified":"2022-06-15T07:08:05","modified_gmt":"2022-06-15T07:08:05","slug":"iskilip-yerel-eylem-grubu-dernegi-turizm-ve-yerel-rehberlik-egitim-ilani","status":"publish","type":"post","link":"http:\/\/www.isyeg.com\/?p=835","title":{"rendered":""},"content":{"rendered":"\n<h3 class=\"has-text-align-center wp-block-heading\"><strong>\u0130SK\u0130L\u0130P YEREL EYLEM GRUBU DERNE\u011e\u0130 TUR\u0130ZM VE YEREL REHBERL\u0130K E\u011e\u0130T\u0130M \u0130LANI<\/strong><\/h3>\n\n\n\n<p><strong>TUR\u0130ZM VE YEREL REHBERL\u0130K E\u011e\u0130T\u0130M \u0130LANI<\/strong><\/p>\n\n\n\n<p>\u0130skilip Yerel Eylem Grubu Derne\u011fi olarak LEADER anlay\u0131\u015f\u0131n\u0131n peki\u015ftirilmesi ve Y\u0131ll\u0131k Uygulama Plan\u0131m\u0131z dahilinde 28 May\u0131s 2022 Cumartesi g\u00fcn\u00fc saat 10:00-17:00 saatleri aras\u0131nda \u0130skilip Yerel Eylem Grubu Derne\u011fi&#8217;nde Turizm ve Yerel Rehberlik konulu e\u011fitim verilmesi planlanm\u0131\u015ft\u0131r.<\/p>\n\n\n\n<p>E\u011fitimimiz \u00fc\u00e7 konuda haz\u0131rlanm\u0131\u015f olup ileti\u015fim becerileri, da\u011fc\u0131l\u0131k ve yerel rehberlik konular\u0131 \u00fczerinden verilecektir.<\/p>\n\n\n\n<p>E\u011fitime kat\u0131l\u0131mc\u0131 say\u0131s\u0131 15 (on be\u015f) ki\u015fi olarak kararla\u015ft\u0131r\u0131l\u0131p e\u011fitime kat\u0131l\u0131m i\u00e7in herhangi \u00f6zel bir \u015fart gerekmemektedir. E\u011fitim s\u00fcresi 1(bir) g\u00fcn olarak belirlenerek kat\u0131l\u0131mc\u0131lara e\u011fitim sonunda kat\u0131l\u0131m sertifikas\u0131 ve e\u011fitim i\u00e7in gerekli olan materyaller verilecektir.<\/p>\n\n\n\n<p>E\u011fitim i\u00e7in gerekli olan materyal temini ve yemekli ikram servisi al\u0131m hizmeti ilanlar\u0131na  verilecek tekliflerin s\u00fcresi ilanlar yay\u0131mland\u0131ktan sonraki  20.05.2022 saat 17:00&#8217;a ge\u00e7erli olacakt\u0131r. Teklifler elden, posta yoluyla veya elektronik posta adresine ilan s\u00fcresi tamamlanmadan g\u00f6nderilmelidir. <\/p>\n\n\n\n<p><\/p>\n\n\n\n<p><strong>E\u011fitim Yeri:<\/strong> \u0130skilip Yerel Eylem Grubu Derne\u011fi- Hac\u0131piri Mahallesi At\u0131f Hoca Sokak No:1 adresinde verilecektir.<\/p>\n\n\n\n<p><strong>E\u011fitim Saatleri:<\/strong> E\u011fitimimiz 28 May\u0131s Cumartesi g\u00fcn\u00fc saat: 10:00-17:00 saatleri aras\u0131nda planlanm\u0131\u015ft\u0131r.<\/p>\n\n\n\n<p><strong>E\u011fitim \u0130\u00e7eri\u011fi ve Plan\u0131:<\/strong> E\u011fitimimiz \u0130leti\u015fim Becerileri, Da\u011fc\u0131l\u0131k, Turizm ve  Yerel Rehberlik konular\u0131nda 3 ana ba\u015fl\u0131k olarak ayr\u0131 ayr\u0131 i\u015flenecektir. E\u011fitimimiz 3 oturumda ger\u00e7ekle\u015ftirilecektir. <\/p>\n\n\n\n<p> E\u011fitim i\u00e7in gerekli olan materyal, yemekli ikram servisi hizmet al\u0131m\u0131, g\u00f6r\u00fcn\u00fcrl\u00fck materyalleri vb. teknik \u015fartnameler ve ilanlar ektedir.<\/p>\n\n\n\n<p>Bask\u0131l\u0131 materyallerde LEADER g\u00f6r\u00fcn\u00fcrl\u00fck rehberine uygun \u015fekilde haz\u0131rlanacakt\u0131r.<\/p>\n\n\n\n<p><\/p>\n\n\n\n<p><\/p>\n\n\n\n<div class=\"wp-block-file\"><a href=\"http:\/\/www.isyeg.com\/wp-content\/uploads\/2022\/05\/EGITIMCI-TEKNIK-SARTNAME-1.pdf\">EGITIMCI-TEKNIK-SARTNAME-1<\/a><a href=\"http:\/\/www.isyeg.com\/wp-content\/uploads\/2022\/05\/EGITIMCI-TEKNIK-SARTNAME-1.pdf\" class=\"wp-block-file__button\" download>\u0130ndir<\/a><\/div>\n\n\n\n<div class=\"wp-block-file\"><a href=\"http:\/\/www.isyeg.com\/wp-content\/uploads\/2022\/05\/EGITIM-GORUNURLUK-MATERYALLERI-ALIMI-TEKLIF-FORMU-1.pdf\">EGITIM-GORUNURLUK-MATERYALLERI-ALIMI-TEKLIF-FORMU-1<\/a><a href=\"http:\/\/www.isyeg.com\/wp-content\/uploads\/2022\/05\/EGITIM-GORUNURLUK-MATERYALLERI-ALIMI-TEKLIF-FORMU-1.pdf\" class=\"wp-block-file__button\" download>\u0130ndir<\/a><\/div>\n\n\n\n<div class=\"wp-block-file\"><a href=\"http:\/\/www.isyeg.com\/wp-content\/uploads\/2022\/05\/EGITIM-GORUNURLUK-MATERYALLERI-ALIMI-TEKNIK-SARTNAMESI.pdf\">EGITIM-GORUNURLUK-MATERYALLERI-ALIMI-TEKNIK-SARTNAMESI<\/a><a href=\"http:\/\/www.isyeg.com\/wp-content\/uploads\/2022\/05\/EGITIM-GORUNURLUK-MATERYALLERI-ALIMI-TEKNIK-SARTNAMESI.pdf\" class=\"wp-block-file__button\" download>\u0130ndir<\/a><\/div>\n\n\n\n<div class=\"wp-block-file\"><a href=\"http:\/\/www.isyeg.com\/wp-content\/uploads\/2022\/05\/EGITIMCI-TEKLIF-FORMU.pdf\"><br>EGITIMCI-TEKLIF-FORMU<\/a><a href=\"http:\/\/www.isyeg.com\/wp-content\/uploads\/2022\/05\/EGITIMCI-TEKLIF-FORMU.pdf\" class=\"wp-block-file__button\" download>\u0130ndir<\/a><\/div>\n\n\n\n<div class=\"wp-block-file\"><a href=\"http:\/\/www.isyeg.com\/wp-content\/uploads\/2022\/05\/YEMEKLI-IKRAM-TEKLIF-FORMU.pdf\">YEMEKLI-IKRAM-TEKLIF-FORMU<\/a><a href=\"http:\/\/www.isyeg.com\/wp-content\/uploads\/2022\/05\/YEMEKLI-IKRAM-TEKLIF-FORMU.pdf\" class=\"wp-block-file__button\" download>\u0130ndir<\/a><\/div>\n\n\n\n<div class=\"wp-block-file\"><a href=\"http:\/\/www.isyeg.com\/wp-content\/uploads\/2022\/05\/YEMEKLI-IKRAM-TEKNIK-SARTNAMESI.pdf\">YEMEKLI-IKRAM-TEKNIK-SARTNAMESI<\/a><a href=\"http:\/\/www.isyeg.com\/wp-content\/uploads\/2022\/05\/YEMEKLI-IKRAM-TEKNIK-SARTNAMESI.pdf\" class=\"wp-block-file__button\" download>\u0130ndir<\/a><\/div>\n\n\n\n<h2 class=\"wp-block-heading\"><\/h2>\n","protected":false},"excerpt":{"rendered":"<p>\u0130SK\u0130L\u0130P YEREL EYLEM GRUBU DERNE\u011e\u0130 TUR\u0130ZM VE YEREL REHBERL\u0130K E\u011e\u0130T\u0130M \u0130LANI TUR\u0130ZM VE YEREL REHBERL\u0130K E\u011e\u0130T\u0130M \u0130LANI \u0130skilip Yerel Eylem Grubu Derne\u011fi olarak LEADER<\/p>\n","protected":false},"author":1,"featured_media":761,"comment_status":"closed","ping_status":"open","sticky":false,"template":"","format":"standard","meta":{"footnotes":""},"categories":[10,1],"tags":[],"class_list":["post-835","post","type-post","status-publish","format-standard","has-post-thumbnail","hentry","category-duyurular","category-uncategorized"],"_links":{"self":[{"href":"http:\/\/www.isyeg.com\/index.php?rest_route=\/wp\/v2\/posts\/835","targetHints":{"allow":["GET"]}}],"collection":[{"href":"http:\/\/www.isyeg.com\/index.php?rest_route=\/wp\/v2\/posts"}],"about":[{"href":"http:\/\/www.isyeg.com\/index.php?rest_route=\/wp\/v2\/types\/post"}],"author":[{"embeddable":true,"href":"http:\/\/www.isyeg.com\/index.php?rest_route=\/wp\/v2\/users\/1"}],"replies":[{"embeddable":true,"href":"http:\/\/www.isyeg.com\/index.php?rest_route=%2Fwp%2Fv2%2Fcomments&post=835"}],"version-history":[{"count":14,"href":"http:\/\/www.isyeg.com\/index.php?rest_route=\/wp\/v2\/posts\/835\/revisions"}],"predecessor-version":[{"id":892,"href":"http:\/\/www.isyeg.com\/index.php?rest_route=\/wp\/v2\/posts\/835\/revisions\/892"}],"wp:featuredmedia":[{"embeddable":true,"href":"http:\/\/www.isyeg.com\/index.php?rest_route=\/wp\/v2\/media\/761"}],"wp:attachment":[{"href":"http:\/\/www.isyeg.com\/index.php?rest_route=%2Fwp%2Fv2%2Fmedia&parent=835"}],"wp:term":[{"taxonomy":"category","embeddable":true,"href":"http:\/\/www.isyeg.com\/index.php?rest_route=%2Fwp%2Fv2%2Fcategories&post=835"},{"taxonomy":"post_tag","embeddable":true,"href":"http:\/\/www.isyeg.com\/index.php?rest_route=%2Fwp%2Fv2%2Ftags&post=835"}],"curies":[{"name":"wp","href":"https:\/\/api.w.org\/{rel}","templated":true}]}}