{"id":764,"date":"2022-01-07T07:06:48","date_gmt":"2022-01-07T07:06:48","guid":{"rendered":"http:\/\/www.isyeg.com\/?p=764"},"modified":"2023-03-24T07:10:07","modified_gmt":"2023-03-24T07:10:07","slug":"spor-kulupleri-icin-satin-alinan-meteryaller-teslim-edildi","status":"publish","type":"post","link":"http:\/\/www.isyeg.com\/?p=764","title":{"rendered":"SPOR KUL\u00dcPLER\u0130 \u0130\u00c7\u0130N SATIN ALINAN METERYALLER TESL\u0130M ED\u0130LD\u0130."},"content":{"rendered":"\n<p>Derne\u011fimizin&nbsp;ilk 2 projesi olan Belediye \u0130skilipspor Kul\u00fcb\u00fc ve \u0130skilipg\u00fcc\u00fcspor Kul\u00fcb\u00fc malzeme ve ekipman deste\u011fini ger\u00e7ekle\u015ftirdik.<\/p>\n\n\n\n<p>&nbsp;Derne\u011fimiz ofisinde ger\u00e7ekle\u015fen malzeme da\u011f\u0131t\u0131m t\u00f6renine, Dernek Ba\u015fkan\u0131m\u0131z Mustafa Serdar \u00c7orumlu, Y\u00f6netim Kurulu \u00dcyelerimiz \u0130smet Uslu, Osman \u00c7ak\u0131r, \u0130skilipg\u00fcc\u00fc spor&nbsp;&nbsp;Kul\u00fcp Ba\u015fkan\u0131 Nihat Armutcu, Belediye \u0130skilipspor antren\u00f6r\u00fc Galip G\u00fcl ve futbolcular kat\u0131ld\u0131. LEADER Projesi kapsam\u0131nda \u0130skilip\u2019in iki g\u00fczide kul\u00fcb\u00fcne mont, e\u015fofman tak\u0131m\u0131, krampon, spor ayakkab\u0131s\u0131, futbol topu, yelek vb. ekipman deste\u011fi verildi.<\/p>\n\n\n\n<p>Dernek Ba\u015fkan\u0131m\u0131z Mustafa Serdar \u00c7orumlu, Avrupa Birli\u011fi projesi kapsam\u0131nda al\u0131nan hibe ile iki kul\u00fcb\u00fcm\u00fcze malzeme deste\u011finde bulunduklar\u0131 i\u00e7in mutlu olduklar\u0131n\u0131 s\u00f6yledi. Ba\u015fkan \u00c7orumlu, \u201cBiz \u0130skilip Yerel Eylem Grubu Derne\u011fi olarak spora ve sporcuya her zaman destek olman\u0131n gayreti i\u00e7erisindeyiz. \u0130skilipg\u00fcc\u00fc ve Belediye \u0130skilipspor \u0130skilip\u2019in d\u0131\u015far\u0131ya a\u00e7\u0131lan penceresidir. Bizim gibi derneklere ve kurulu\u015flara destek olmak d\u00fc\u015fer. Biz \u00fczerimize d\u00fc\u015feni yapt\u0131k bundan sonra da yapmaya devam edece\u011fiz. \u0130ki kul\u00fcb\u00fcm\u00fcze de m\u00fccadele ettikleri ligde ba\u015far\u0131lar dileriz\u201d ifadelerine yer verdi.<\/p>\n\n\n\n<p>Projelerinin devam edece\u011fini de vurgulayan Mustafa Serdar \u00c7orumlu 2022 y\u0131l\u0131n\u0131n LEADER y\u0131l\u0131 olaca\u011f\u0131n\u0131, y\u0131l i\u00e7erisinde tar\u0131mla ilgili bir \u00e7ok e\u011fitim d\u00fczenlenece\u011fini, k\u00f6ylerle ilgili baz\u0131 sosyal projelerin hayata ge\u00e7irelece\u011fini belirtti.<\/p>\n\n\n\n<p>\u0130skilipg\u00fcc\u00fc Ba\u015fkan\u0131 Nihat Armutcu ve Belediye \u0130skilipspor antren\u00f6r\u00fc Galip G\u00fcl, Ba\u015fkan \u00c7orumlu\u2019ya verdikleri destekten \u00f6t\u00fcr\u00fc te\u015fekk\u00fcr ederek, \u015fimdiye kadar futbol kul\u00fcplerine verilen en b\u00fcy\u00fck destek oldu\u011funu belirttiler.<\/p>\n\n\n\n<figure class=\"wp-block-image size-medium is-resized is-style-default\"><img loading=\"lazy\" decoding=\"async\" src=\"http:\/\/www.isyeg.com\/wp-content\/uploads\/2022\/01\/isyeg_spor_kulupleri-2-300x225.jpg\" alt=\"\" class=\"wp-image-766\" width=\"300\" height=\"225\" srcset=\"http:\/\/www.isyeg.com\/wp-content\/uploads\/2022\/01\/isyeg_spor_kulupleri-2-300x225.jpg 300w, http:\/\/www.isyeg.com\/wp-content\/uploads\/2022\/01\/isyeg_spor_kulupleri-2-1024x768.jpg 1024w, http:\/\/www.isyeg.com\/wp-content\/uploads\/2022\/01\/isyeg_spor_kulupleri-2-768x576.jpg 768w, http:\/\/www.isyeg.com\/wp-content\/uploads\/2022\/01\/isyeg_spor_kulupleri-2-1536x1152.jpg 1536w, http:\/\/www.isyeg.com\/wp-content\/uploads\/2022\/01\/isyeg_spor_kulupleri-2.jpg 1600w\" sizes=\"auto, (max-width: 300px) 100vw, 300px\" \/><\/figure>\n\n\n\n<figure class=\"wp-block-image size-medium is-resized is-style-default\"><img loading=\"lazy\" decoding=\"async\" src=\"http:\/\/www.isyeg.com\/wp-content\/uploads\/2022\/01\/isyeg_spor_kulupleri-3-1-225x300.jpg\" alt=\"\" class=\"wp-image-769\" width=\"225\" height=\"300\" srcset=\"http:\/\/www.isyeg.com\/wp-content\/uploads\/2022\/01\/isyeg_spor_kulupleri-3-1-225x300.jpg 225w, http:\/\/www.isyeg.com\/wp-content\/uploads\/2022\/01\/isyeg_spor_kulupleri-3-1-768x1024.jpg 768w, http:\/\/www.isyeg.com\/wp-content\/uploads\/2022\/01\/isyeg_spor_kulupleri-3-1-1152x1536.jpg 1152w, http:\/\/www.isyeg.com\/wp-content\/uploads\/2022\/01\/isyeg_spor_kulupleri-3-1.jpg 1200w\" sizes=\"auto, (max-width: 225px) 100vw, 225px\" \/><\/figure>\n\n\n\n<figure class=\"wp-block-image size-medium is-resized\"><img loading=\"lazy\" decoding=\"async\" src=\"http:\/\/www.isyeg.com\/wp-content\/uploads\/2022\/01\/isyeg_spor_kulupleri-4-225x300.jpg\" alt=\"\" class=\"wp-image-768\" width=\"225\" height=\"300\" srcset=\"http:\/\/www.isyeg.com\/wp-content\/uploads\/2022\/01\/isyeg_spor_kulupleri-4-225x300.jpg 225w, http:\/\/www.isyeg.com\/wp-content\/uploads\/2022\/01\/isyeg_spor_kulupleri-4-768x1024.jpg 768w, http:\/\/www.isyeg.com\/wp-content\/uploads\/2022\/01\/isyeg_spor_kulupleri-4-1152x1536.jpg 1152w, http:\/\/www.isyeg.com\/wp-content\/uploads\/2022\/01\/isyeg_spor_kulupleri-4.jpg 1200w\" sizes=\"auto, (max-width: 225px) 100vw, 225px\" \/><\/figure>\n","protected":false},"excerpt":{"rendered":"<p>Derne\u011fimizin&nbsp;ilk 2 projesi olan Belediye \u0130skilipspor Kul\u00fcb\u00fc ve \u0130skilipg\u00fcc\u00fcspor Kul\u00fcb\u00fc malzeme ve ekipman deste\u011fini ger\u00e7ekle\u015ftirdik. &nbsp;Derne\u011fimiz ofisinde ger\u00e7ekle\u015fen malzeme da\u011f\u0131t\u0131m t\u00f6renine, Dernek Ba\u015fkan\u0131m\u0131z Mustafa<\/p>\n","protected":false},"author":1,"featured_media":771,"comment_status":"closed","ping_status":"open","sticky":false,"template":"","format":"standard","meta":{"footnotes":""},"categories":[10,135],"tags":[134],"class_list":["post-764","post","type-post","status-publish","format-standard","has-post-thumbnail","hentry","category-duyurular","category-projelerimiz-faaliyetlerimiz","tag-haberler"],"_links":{"self":[{"href":"http:\/\/www.isyeg.com\/index.php?rest_route=\/wp\/v2\/posts\/764","targetHints":{"allow":["GET"]}}],"collection":[{"href":"http:\/\/www.isyeg.com\/index.php?rest_route=\/wp\/v2\/posts"}],"about":[{"href":"http:\/\/www.isyeg.com\/index.php?rest_route=\/wp\/v2\/types\/post"}],"author":[{"embeddable":true,"href":"http:\/\/www.isyeg.com\/index.php?rest_route=\/wp\/v2\/users\/1"}],"replies":[{"embeddable":true,"href":"http:\/\/www.isyeg.com\/index.php?rest_route=%2Fwp%2Fv2%2Fcomments&post=764"}],"version-history":[{"count":2,"href":"http:\/\/www.isyeg.com\/index.php?rest_route=\/wp\/v2\/posts\/764\/revisions"}],"predecessor-version":[{"id":772,"href":"http:\/\/www.isyeg.com\/index.php?rest_route=\/wp\/v2\/posts\/764\/revisions\/772"}],"wp:featuredmedia":[{"embeddable":true,"href":"http:\/\/www.isyeg.com\/index.php?rest_route=\/wp\/v2\/media\/771"}],"wp:attachment":[{"href":"http:\/\/www.isyeg.com\/index.php?rest_route=%2Fwp%2Fv2%2Fmedia&parent=764"}],"wp:term":[{"taxonomy":"category","embeddable":true,"href":"http:\/\/www.isyeg.com\/index.php?rest_route=%2Fwp%2Fv2%2Fcategories&post=764"},{"taxonomy":"post_tag","embeddable":true,"href":"http:\/\/www.isyeg.com\/index.php?rest_route=%2Fwp%2Fv2%2Ftags&post=764"}],"curies":[{"name":"wp","href":"https:\/\/api.w.org\/{rel}","templated":true}]}}