{"id":698,"date":"2021-09-29T11:47:52","date_gmt":"2021-09-29T11:47:52","guid":{"rendered":"http:\/\/www.isyeg.com\/?p=698"},"modified":"2021-09-29T11:52:31","modified_gmt":"2021-09-29T11:52:31","slug":"sarf-malzeme-alim-ilani","status":"publish","type":"post","link":"http:\/\/www.isyeg.com\/?p=698","title":{"rendered":"SARF MALZEME ALIM \u0130LANI"},"content":{"rendered":"\n<p>Tar\u0131m ve K\u0131rsal Kalk\u0131nmay\u0131 Destekleme Kurumu (TKDK) Leader Tedbiri Yakla\u015f\u0131m\u0131 kapsam\u0131nda;<br>\u0130skilip Yerel Eylem Grubu Derne\u011fi (\u0130SYEG) taraf\u0131ndan Yerel Kalk\u0131nma Stratejisi faaliyetlerinde kullan\u0131lmak \u00fczere al\u0131m\u0131 yap\u0131lacak mal\/hizmet detaylar\u0131 ekte belirtilmi\u015ftir.<\/p>\n\n\n\n<p><strong>Sarf Malzeme Al\u0131m\u0131<\/strong><br>Teklifler; Teklif formu ile tanzim edilerek, T\u00fcrk Liras\u0131 \u00fczerinden ve KDV hari\u00e7 olarak sunulmal\u0131d\u0131r.<br>Teklifler; Teklif tarihinden itibaren 30 g\u00fcn ge\u00e7erli olmal\u0131d\u0131r.<br>Teklif veren, teklif formunda belirtilen t\u00fcm \u015fartlar\u0131 ve istenilen yasal belgeleri sunmay\u0131 pe\u015finen kabul eder.<br>Teklif g\u00f6nderme ve ileti\u015fim adresi: bilgi@isyeg.com<br>Teklif verme, son tarih ve saati: 30.09.2021 \u2013 17:00<\/p>\n\n\n\n<p>Teklif formunu a\u015fa\u011f\u0131daki ba\u011flant\u0131dan indirebilirsiniz.<\/p>\n\n\n\n<div class=\"wp-block-file\"><a href=\"http:\/\/www.isyeg.com\/wp-content\/uploads\/2021\/09\/sarf_malzeme_teknik_sartname.pdf\">sarf_malzeme_teknik_sartname<\/a><a href=\"http:\/\/www.isyeg.com\/wp-content\/uploads\/2021\/09\/sarf_malzeme_teknik_sartname.pdf\" class=\"wp-block-file__button\" download>\u0130ndir<\/a><\/div>\n\n\n\n<div class=\"wp-block-file\"><a href=\"http:\/\/www.isyeg.com\/wp-content\/uploads\/2021\/09\/sarf_malzeme_teklif_formu.pdf\">sarf_malzeme_teklif_formu<\/a><a href=\"http:\/\/www.isyeg.com\/wp-content\/uploads\/2021\/09\/sarf_malzeme_teklif_formu.pdf\" class=\"wp-block-file__button\" download>\u0130ndir<\/a><\/div>\n","protected":false},"excerpt":{"rendered":"<p>Tar\u0131m ve K\u0131rsal Kalk\u0131nmay\u0131 Destekleme Kurumu (TKDK) Leader Tedbiri Yakla\u015f\u0131m\u0131 kapsam\u0131nda;\u0130skilip Yerel Eylem Grubu Derne\u011fi (\u0130SYEG) taraf\u0131ndan Yerel Kalk\u0131nma Stratejisi faaliyetlerinde kullan\u0131lmak \u00fczere al\u0131m\u0131<\/p>\n","protected":false},"author":1,"featured_media":0,"comment_status":"closed","ping_status":"open","sticky":false,"template":"","format":"standard","meta":{"footnotes":""},"categories":[10],"tags":[],"class_list":["post-698","post","type-post","status-publish","format-standard","hentry","category-duyurular"],"_links":{"self":[{"href":"http:\/\/www.isyeg.com\/index.php?rest_route=\/wp\/v2\/posts\/698","targetHints":{"allow":["GET"]}}],"collection":[{"href":"http:\/\/www.isyeg.com\/index.php?rest_route=\/wp\/v2\/posts"}],"about":[{"href":"http:\/\/www.isyeg.com\/index.php?rest_route=\/wp\/v2\/types\/post"}],"author":[{"embeddable":true,"href":"http:\/\/www.isyeg.com\/index.php?rest_route=\/wp\/v2\/users\/1"}],"replies":[{"embeddable":true,"href":"http:\/\/www.isyeg.com\/index.php?rest_route=%2Fwp%2Fv2%2Fcomments&post=698"}],"version-history":[{"count":2,"href":"http:\/\/www.isyeg.com\/index.php?rest_route=\/wp\/v2\/posts\/698\/revisions"}],"predecessor-version":[{"id":703,"href":"http:\/\/www.isyeg.com\/index.php?rest_route=\/wp\/v2\/posts\/698\/revisions\/703"}],"wp:attachment":[{"href":"http:\/\/www.isyeg.com\/index.php?rest_route=%2Fwp%2Fv2%2Fmedia&parent=698"}],"wp:term":[{"taxonomy":"category","embeddable":true,"href":"http:\/\/www.isyeg.com\/index.php?rest_route=%2Fwp%2Fv2%2Fcategories&post=698"},{"taxonomy":"post_tag","embeddable":true,"href":"http:\/\/www.isyeg.com\/index.php?rest_route=%2Fwp%2Fv2%2Ftags&post=698"}],"curies":[{"name":"wp","href":"https:\/\/api.w.org\/{rel}","templated":true}]}}