{"id":47,"date":"2020-11-08T18:29:34","date_gmt":"2020-11-08T18:29:34","guid":{"rendered":"http:\/\/www.isyeg.com\/?p=47"},"modified":"2021-01-08T14:29:24","modified_gmt":"2021-01-08T14:29:24","slug":"ilk-sayda","status":"publish","type":"post","link":"http:\/\/www.isyeg.com\/?p=47","title":{"rendered":"Bas\u0131nda Biz"},"content":{"rendered":"\n<p>Tar\u0131m ve K\u00f6yi\u015fleri Bakanl\u0131\u011f\u0131 Tar\u0131m ve K\u0131rsal Kalk\u0131nmay\u0131 Destekleme Kurumu, k\u0131rsal alanda ya\u015fayanlar\u0131n k\u0131rsal kalk\u0131nma stratejilerinden yararlanabilmesi i\u00e7in 2011 y\u0131l\u0131nda \u015eanl\u0131urfa ve \u00c7orum\u2019da pilot uygulama ba\u015flatt\u0131.<\/p>\n\n\n\n<p>T\u00fcrkiye\u2019de, \u0130skilip\u2019in de i\u00e7inde yer ald\u0131\u011f\u0131 12 ilde uygulanan, AB ve T\u00fcrkiye Cumhuriyeti taraf\u0131ndan finanse edilen IPARD Program\u0131 kapsam\u0131nda Tar\u0131m ve Orman Bakanl\u0131\u011f\u0131nca y\u00fcr\u00fct\u00fclen \u201cYerel Kalk\u0131nma Stratejilerinin Haz\u0131rlanmas\u0131na Teknik Destek Projesi\u201d \u0130skilip\u2019te hayata ge\u00e7iriliyor.<\/p>\n\n\n\n<p>\u0130skilip\u2019in pilot il\u00e7e olarak se\u00e7ilmi\u015f olmas\u0131 kent ad\u0131na b\u00fcy\u00fck bir f\u0131rsat do\u011furmaktad\u0131r. Burada ama\u00e7 \u0130skilip\u2019in b\u00fct\u00fcn potansiyelini taray\u0131p analiz ederek bir kalk\u0131nma stratejisi elde etmektir. Bunun i\u00e7in Belediye, Kaymakaml\u0131k, sivil toplum kurulu\u015flar\u0131, muhtarl\u0131klar, \u00f6zel sekt\u00f6r temsilcileri ve b\u00fct\u00fcn \u0130skilip halk\u0131 bir araya gelerek \u0130skilip\u2019in Yerel Kalk\u0131nma Stratejisini&nbsp;haz\u0131rlam\u0131\u015flard\u0131r.<\/p>\n\n\n\n<p>Konu hakk\u0131nda a\u00e7\u0131klamalarda bulunan \u0130SYEG Y\u00f6netim Kurulu Ba\u015fkan\u0131 Mustafa Serdar \u00c7orumlu, hem\u015ferimiz Yakup Sa\u011flam\u2019\u0131n Tar\u0131m Bakanl\u0131\u011f\u0131\u2019ndaki giri\u015fimleri sonucu \u0130skilip\u2019in pilot il\u00e7e se\u00e7ildi\u011fine de\u011findi\u011fi a\u00e7\u0131klamas\u0131nda, \u201c2010 senesinde Yakup Sa\u011flam\u2019\u0131n Tar\u0131m Bakanl\u0131\u011f\u0131ndaki giri\u015fimleri sonucu T\u00fcrkiye\u2019de iki pilot il\u00e7eden birisi olan \u0130skilip i\u00e7in bir dizi \u00e7al\u0131\u015fmalar ba\u015flat\u0131lm\u0131\u015ft\u0131.&nbsp;Avrupa Birli\u011fi yetkilileri ve Bakanl\u0131k yetkilileri ile birlikte \u0130skilip\u2019te bir dizi \u00e7al\u0131\u015fmalar yap\u0131larak \u0130skilip\u2019in Stratejik plan\u0131 haz\u0131rlanmaya ba\u015flanm\u0131\u015f, Tar\u0131m ve Orman m\u00fcd\u00fcrl\u00fc\u011f\u00fcn\u00fcn de teknik personelinin kat\u0131l\u0131mlar\u0131yla e\u011fitimler d\u00fczenlenmi\u015fti. E\u011fitimlerin tamamlanmas\u0131 ile birlikte Fransa da ki yap\u0131n\u0131n incelenmesi i\u00e7in teknik gezi d\u00fczenlendi. Fransa de bulunan Yerel Eylem Grubunda staj yapmak \u00fczere Tar\u0131m \u0130l\u00e7e M\u00fcd\u00fcrl\u00fc\u011f\u00fcnden iki personel g\u00f6revlendirildi.&nbsp;<\/p>\n\n\n\n<p><strong>\u0130SK\u0130L\u0130P T\u00dcRK\u0130YE\u2019DE Y\u00dcKSEK PUANLA 9. SIRADA KABUL G\u00d6RD\u00dc<\/strong><br>Gerek Avrupa birli\u011fi prosed\u00fcrleri gerekse akreditasyon s\u00fcrecinin gecikmesinden kaynakl\u0131 bir d\u00f6nem ask\u0131ya al\u0131nan proje son d\u00f6nemlerde yap\u0131lan \u00e7al\u0131\u015fmalar kapsam\u0131nda sil ba\u015ftan yeniden \u00e7al\u0131\u015fmalar yap\u0131larak yeni bir stratejik plan haz\u0131rlanm\u0131\u015f oldu. Akreditasyonun tamamlanmas\u0131 ile birlikte \u0130skilip Stratejik Plan\u0131 TKDK ya sunulan Stratejik plan y\u00fcksek puanla T\u00fcrkiye de 9. S\u0131rada kabul g\u00f6rd\u00fc. S\u00f6zle\u015fmelerin imzalanmas\u0131 ile birlikte \u00e7al\u0131\u015fmalar il\u00e7ede ba\u015flayacak. T.C. Tar\u0131m ve Orman Bakanl\u0131\u011f\u0131 Tar\u0131m Reformu Genel M\u00fcd\u00fcrl\u00fc\u011f\u00fc, bakanl\u0131\u011f\u0131n ilgili kurulu\u015fu&nbsp; Tar\u0131m ve K\u0131rsal Kalk\u0131nmay\u0131 Destekleme Kurumu ve Avrupa Birli\u011fi Yap\u0131sal Uyum Y\u00f6netim Otoritesinin ortakla\u015fa y\u00fcr\u00fctt\u00fc\u011f\u00fc LEADER Yakla\u015f\u0131m Tedbiri T\u00fcrkiye de uygulanmas\u0131 amac\u0131yla 2015 y\u0131l\u0131nda kurulmu\u015f olan \u0130skilip Yerel Eylem Grubu Derne\u011fi taraf\u0131ndan haz\u0131rlam\u0131\u015f oldu\u011fumuz TKDK IPART 2 program\u0131 7. Ba\u015fvuru \u00e7a\u011fr\u0131 ilan\u0131 kapsam\u0131nda Desteklenen \u201cYerel Kalk\u0131nma Stratejilerinin uygulanmas\u0131-Leader Yakla\u015f\u0131m tedbiri\u201d i\u00e7in yapm\u0131\u015f oldu\u011fumuz \u201c\u0130skilip \u0130l\u00e7esi Yerel Kalk\u0131nma Stratejisi Uygulama Projesi\u201d 2.232.000,00 TL b\u00fct\u00e7e ile onaylanm\u0131\u015ft\u0131r.&nbsp;&nbsp;<\/p>\n\n\n\n<p><strong>B\u0130R \u00c7OK \u0130SK\u0130L\u0130P G\u00d6N\u00dcLL\u00dcS\u00dc \u00c7ALI\u015eMALARDA YER ALDI<\/strong><br>Ge\u00e7en on y\u0131ll\u0131k s\u00fcre i\u00e7erisinde bir\u00e7ok \u0130skilip g\u00f6n\u00fcll\u00fcs\u00fc bu \u00e7al\u0131\u015fmada yer ald\u0131. Bu projeyi ger\u00e7ekten sahiplenen umudunu yitirmeden \u00e7al\u0131\u015fmalar katk\u0131 sa\u011flayan yerel y\u00f6neticilerimize gerek \u0130SYEG Y\u00f6netim Kurulu gerekse g\u00f6n\u00fcll\u00fc \u00e7al\u0131\u015fmaya katk\u0131 sunanlara buradan \u0130skilip Ad\u0131na te\u015fekk\u00fcrlerimi sunar\u0131m\u201d ifadelerine yer verdi.<\/p>\n","protected":false},"excerpt":{"rendered":"<p>Tar\u0131m ve K\u00f6yi\u015fleri Bakanl\u0131\u011f\u0131 Tar\u0131m ve K\u0131rsal Kalk\u0131nmay\u0131 Destekleme Kurumu, k\u0131rsal alanda ya\u015fayanlar\u0131n k\u0131rsal kalk\u0131nma stratejilerinden yararlanabilmesi i\u00e7in 2011 y\u0131l\u0131nda \u015eanl\u0131urfa ve \u00c7orum\u2019da pilot<\/p>\n","protected":false},"author":1,"featured_media":80,"comment_status":"open","ping_status":"open","sticky":false,"template":"","format":"standard","meta":{"footnotes":""},"categories":[],"tags":[134],"class_list":["post-47","post","type-post","status-publish","format-standard","has-post-thumbnail","hentry","tag-haberler"],"_links":{"self":[{"href":"http:\/\/www.isyeg.com\/index.php?rest_route=\/wp\/v2\/posts\/47","targetHints":{"allow":["GET"]}}],"collection":[{"href":"http:\/\/www.isyeg.com\/index.php?rest_route=\/wp\/v2\/posts"}],"about":[{"href":"http:\/\/www.isyeg.com\/index.php?rest_route=\/wp\/v2\/types\/post"}],"author":[{"embeddable":true,"href":"http:\/\/www.isyeg.com\/index.php?rest_route=\/wp\/v2\/users\/1"}],"replies":[{"embeddable":true,"href":"http:\/\/www.isyeg.com\/index.php?rest_route=%2Fwp%2Fv2%2Fcomments&post=47"}],"version-history":[{"count":2,"href":"http:\/\/www.isyeg.com\/index.php?rest_route=\/wp\/v2\/posts\/47\/revisions"}],"predecessor-version":[{"id":51,"href":"http:\/\/www.isyeg.com\/index.php?rest_route=\/wp\/v2\/posts\/47\/revisions\/51"}],"wp:featuredmedia":[{"embeddable":true,"href":"http:\/\/www.isyeg.com\/index.php?rest_route=\/wp\/v2\/media\/80"}],"wp:attachment":[{"href":"http:\/\/www.isyeg.com\/index.php?rest_route=%2Fwp%2Fv2%2Fmedia&parent=47"}],"wp:term":[{"taxonomy":"category","embeddable":true,"href":"http:\/\/www.isyeg.com\/index.php?rest_route=%2Fwp%2Fv2%2Fcategories&post=47"},{"taxonomy":"post_tag","embeddable":true,"href":"http:\/\/www.isyeg.com\/index.php?rest_route=%2Fwp%2Fv2%2Ftags&post=47"}],"curies":[{"name":"wp","href":"https:\/\/api.w.org\/{rel}","templated":true}]}}