{"id":196,"date":"2021-06-02T19:52:51","date_gmt":"2021-06-02T19:52:51","guid":{"rendered":"http:\/\/www.isyeg.com\/?p=196"},"modified":"2021-06-02T19:57:55","modified_gmt":"2021-06-02T19:57:55","slug":"iskilip-yerel-eylem-grubu-ise-alim-ilani-2","status":"publish","type":"post","link":"http:\/\/www.isyeg.com\/?p=196","title":{"rendered":"\u0130SK\u0130L\u0130P YEREL EYLEM GRUBU \u0130\u015eE ALIM \u0130LANI &#8211; 2"},"content":{"rendered":"\n<p>\u0130skilip Yerel Eylem Grubu Dernek merkezinde g\u00f6revlendirilmek \u00fczere a\u015fa\u011f\u0131daki \u015fartlar\u0131 ta\u015f\u0131yan 1 adet Uzman alacakt\u0131r.<\/p>\n\n\n\n<p><strong>Adaylarda Aranacak Genel Ko\u015fullar<\/strong><\/p>\n\n\n\n<ol class=\"wp-block-list\" type=\"1\"><li>Kamu haklar\u0131ndan yasaklanmam\u0131\u015f olmak (Adli Sicil Kayd\u0131)<\/li><li>Taksirli su\u00e7lar, k\u0131sa s\u00fcreli hapis cezas\u0131na se\u00e7enek yapt\u0131r\u0131mlara \u00e7evrilmi\u015f su\u00e7lar ile a\u015fa\u011f\u0131da say\u0131lan su\u00e7lar d\u0131\u015f\u0131nda tecil edilmi\u015f h\u00fck\u00fcmler hari\u00e7 olmak \u00fczere; alt\u0131 aydan fazla hapis veyahut affa u\u011fram\u0131\u015f olsalar bile Devletin g\u00fcvenli\u011fine, anayasal d\u00fczene ve bu d\u00fczenin i\u015fleyi\u015fine kar\u015f\u0131 i\u015flenen su\u00e7larla, zimmet, irtik\u00e2p, r\u00fc\u015fvet, h\u0131rs\u0131zl\u0131k, nitelikli h\u0131rs\u0131zl\u0131k, doland\u0131r\u0131c\u0131l\u0131k, sahtecilik, g\u00fcveni k\u00f6t\u00fcye kullanma, hileli iflas gibi y\u00fcz k\u0131zart\u0131c\u0131 veya \u015feref ve haysiyeti k\u0131r\u0131c\u0131 su\u00e7tan veya ka\u00e7ak\u00e7\u0131l\u0131k, resmi ihale ve al\u0131m sat\u0131mlara fesat kar\u0131\u015ft\u0131rma, g\u00f6reve ili\u015fkin s\u0131rr\u0131 a\u00e7\u0131klama, Devlet s\u0131rlar\u0131na kar\u015f\u0131 su\u00e7lardan dolay\u0131 h\u00fck\u00fcml\u00fc bulunmamak. 667 say\u0131l\u0131 KHK kapsam\u0131nda ter\u00f6r \u00f6rg\u00fctlerine veya Milli G\u00fcvenlik Kurulu\u2019nca Devletin milli g\u00fcvenli\u011fine kar\u015f\u0131 faaliyette bulundu\u011funa karar verilen yap\u0131,olu\u015fum veya gruplara \u00fcyeli\u011fi, mensubiyeti veya iltisak\u0131 yahut bunlarla irtibat\u0131 bulunmamak. (Adli Sicil Kayd\u0131)<\/li><li>G\u00f6revini devaml\u0131 yapmas\u0131na engel olabilecek hastal\u0131\u011f\u0131 ya da bula\u015f\u0131c\u0131 hastal\u0131\u011f\u0131 bulunmamak. (Sa\u011fl\u0131k Raporu)<\/li><\/ol>\n\n\n\n<p><strong>1.Uzman Pozisyonu<\/strong><\/p>\n\n\n\n<ol class=\"wp-block-list\" type=\"1\"><li><strong>\u0130\u015fin Tan\u0131m\u0131 ve \u00d6zellikleri:<\/strong><\/li><\/ol>\n\n\n\n<p>Derne\u011fimizin onaylanm\u0131\u015f yerel Kalk\u0131nma Stratejisi kapsam\u0131ndaki faaliyet ve projelerin gerektirdi\u011fi haz\u0131rl\u0131k, organizasyon ve benzeri di\u011fer teknik g\u00f6revlerin yerine getirilmesini sa\u011flamak \u00fczere Uzman istihdam edilecektir.<\/p>\n\n\n\n<ol class=\"wp-block-list\" type=\"1\" start=\"2\"><li><strong>Uygunluk Kriterleri:<\/strong><\/li><\/ol>\n\n\n\n<ol class=\"wp-block-list\" type=\"1\"><li>\u00dcniversitelerin 4 y\u0131ll\u0131k lisans programlar\u0131ndan veya 2 y\u0131ll\u0131k meslek y\u00fcksekokullar\u0131ndan mezun olmak, (Lisans diplomas\u0131\/y\u00fcksekokul diplomas\u0131)<\/li><li>En az 1 y\u0131ll\u0131k genel i\u015f tecr\u00fcbesine sahip olmak, (\u0130lgili i\u015fyerleri\/kurumlardan al\u0131nan ve aday\u0131n en az 1 y\u0131ll\u0131k i\u015f tecr\u00fcbesine sahip oldu\u011funu g\u00f6steren yaz\u0131). (Uzman al\u0131mlar\u0131nda adaylar\u0131n 1 y\u0131l herhangi bir i\u015fte \u00e7al\u0131\u015fm\u0131\u015f olmalar\u0131 yeterlidir. Aday\u0131n proje, program gibi faaliyetlerde \u00e7al\u0131\u015fm\u0131\u015f olmas\u0131 zorunluluk kriteri de\u011fildir. Ancak bu gibi faaliyetlerde \u00e7al\u0131\u015fm\u0131\u015f olmak YEG taraf\u0131ndan aday se\u00e7iminde s\u0131ralama kriteri olarak de\u011ferlendirilebilir.)<\/li><li><strong>S\u0131ralama Kriterleri<\/strong><\/li><\/ol>\n\n\n\n<p><strong>Uygunluk kiterlerini sa\u011flayan adaylar\u0131n s\u0131ralamas\u0131nda kullan\u0131l\u0131r<\/strong><\/p>\n\n\n\n<ol class=\"wp-block-list\" type=\"1\"><li>Aday\u0131n IPARD Program\u0131, LEADER Yakla\u015f\u0131m\u0131, K\u0131rsal Kalk\u0131nma Programlar\u0131, Proje Dan\u0131\u015fmanl\u0131\u011f\u0131 gibi konularda d\u00fczenlenen e\u011fitimlere kat\u0131lm\u0131\u015f olmas\u0131 (Sertifika\/Kat\u0131l\u0131m Belgesi)<\/li><li>Aday\u0131n 1 y\u0131ll\u0131k i\u015f tecr\u00fcbesinin YKS \u00f6ncelikleri ile ilgili bir i\u015f kolunda veya proje haz\u0131rlama ya da uygulama gibi konularda olmas\u0131 (\u0130lgili i\u015fyerleri\/kurumlardan al\u0131nan ve aday\u0131n bu alanlarda en az 1 y\u0131ll\u0131k i\u015f tecr\u00fcbesine sahip oldu\u011funu g\u00f6steren yaz\u0131)<\/li><li>Aday\u0131n 30 ya\u015f\u0131n\u0131 ge\u00e7memi\u015f olmas\u0131 veya kad\u0131n olmas\u0131<\/li><li>Aday\u0131n ikametg\u00e2h\u0131n\u0131n YEG alan\u0131nda olmas\u0131 veya YKS haz\u0131rl\u0131k faaliyetlerinde \u00e7al\u0131\u015fm\u0131\u015f olmas\u0131<\/li><li>Aday\u0131n ileti\u015fim kurma, etkin dinleme, ifade ve temsil yetene\u011fi, \u00f6zel yetenekler, pozitif ayr\u0131mc\u0131l\u0131k gibi Derne\u011fimizce YKS uygulamas\u0131 i\u00e7in \u00f6nemli olarak de\u011ferlendirilen di\u011fer nitelikler<\/li><\/ol>\n\n\n\n<p>Not: (Adaylar\u0131n de\u011ferlendirilmesi100 puan \u00fczerinden yap\u0131lacak olup ilk 4 kriter 15, (e) kriteri 40 puan \u00fczerinden hesaplanacakt\u0131r.<\/p>\n\n\n\n<p><strong>2.Ba\u015fvuru S\u00fcreci<\/strong><\/p>\n\n\n\n<p>Ba\u015fvurular\u0131n en ge\u00e7&nbsp; 18\/06\/2021. Saat 17.00 ye kadar elden veya elektronik posta yoluyla yap\u0131lmas\u0131 gerekmektedir.<\/p>\n\n\n\n<p><strong>Ba\u015fvuru Formunu&nbsp; a\u015fa\u011f\u0131daki ba\u011flant\u0131dan indirebilirsiniz.<\/strong><\/p>\n\n\n\n<p>Ba\u015fvurular yukar\u0131da belirtilen pozisyonlar i\u00e7in ger\u00e7ekle\u015ftirilecektir. YEG Uzman \u0130\u015fe Al\u0131m \u0130\u015flemleri Rehberi ve eklerinde belirtilen uygunluk kriterlerine sahip t\u00fcm adaylar m\u00fclakata davet edilecektir.<\/p>\n\n\n\n<p>ADRES :&nbsp; \u0130skilip \u0130l\u00e7e Tar\u0131m ve Orman M\u00fcd\u00fcrl\u00fc\u011f\u00fc&nbsp; \/ \u0130skilip\/\u00c7orum<\/p>\n\n\n\n<p>Ba\u015fvuru Tarihi : 03.06.2021&nbsp;\u2013 18.06.2021<\/p>\n\n\n\n<p>Ba\u015fvuruda istenecek Belgeler :<\/p>\n\n\n\n<ol class=\"wp-block-list\" type=\"1\"><li>Kimlik Fotokopisi<\/li><li>Yerle\u015fim yeri belgesi<\/li><li>Diploma \u00f6rne\u011fi<\/li><li>\u0130\u015f Deneyim belgesi<\/li><li>S\u00f6zle\u015fme s\u00fcresince YEG b\u00f6lgesinde ikamet edece\u011fini ( 3 y\u0131l s\u00fcre ile ) kabul eden dilek\u00e7e<\/li><\/ol>\n\n\n\n<p>Ba\u015fvuru formunda verilen bilgilerin hatal\u0131 olmas\u0131 veya istenen belgelerden herhangi birinin eksik olmas\u0131 durumunda ba\u015fvuru ge\u00e7ersiz say\u0131lacakt\u0131r.<\/p>\n\n\n\n<p>Ba\u015fvuru de\u011ferlendirme sonu\u00e7lar\u0131&nbsp; www.isyeg.com &nbsp;adresinde yay\u0131nlanacakt\u0131r.<\/p>\n\n\n\n<p>M\u00fclakat Tarihi : 21.06.2021&nbsp;tarihinde \u0130skilip \u0130l\u00e7e Tar\u0131m ve Orman M\u00fcd\u00fcrl\u00fc\u011f\u00fc\u2019nde Saat : 10.30\u2019da s\u00f6zl\u00fc m\u00fclakat yap\u0131lacakt\u0131r.<\/p>\n\n\n\n<p>Adaylar\u0131n e\u015fit puan almas\u0131 durumunda y\u00f6neticilik tecr\u00fcbesi daha fazla olan aday kazanm\u0131\u015f say\u0131l\u0131r.<\/p>\n\n\n\n<p>NOT: S\u00fcre\u00e7le ilgili t\u00fcm geli\u015fme ve duyurular Derne\u011fimizin www.isyeg.com &nbsp;adresinde ilan edilecek olup, m\u00fclakat tarihi ve yeri m\u00fclakata girmeye hak kazanan adaylar\u0131n Ba\u015fvuru Formunda bildirdi\u011fi elektronik posta adresine ayr\u0131ca g\u00f6nderilecektir.<\/p>\n\n\n\n<p>&nbsp;&nbsp;&nbsp;&nbsp;&nbsp;&nbsp;&nbsp;&nbsp;&nbsp;&nbsp;&nbsp;&nbsp;&nbsp;&nbsp; Adres:&nbsp;\u0130skilip \u0130l\u00e7e Tar\u0131m ve Orman M\u00fcd\u00fcrl\u00fc\u011f\u00fc-Hac\u0131piri Mahallesi<\/p>\n\n\n\n<p>&nbsp;&nbsp;&nbsp;&nbsp;&nbsp;&nbsp;&nbsp;&nbsp;&nbsp;&nbsp;&nbsp;&nbsp;&nbsp;&nbsp; \u0130leti\u015fim: Mustafa Serdar \u00c7ORUMLU<\/p>\n\n\n\n<p>&nbsp;&nbsp;&nbsp;&nbsp;&nbsp;&nbsp;&nbsp;&nbsp;&nbsp;&nbsp;&nbsp;&nbsp;&nbsp;&nbsp; Tel: 0542 339 24 74 -Posta:&nbsp;bilgi@isyeg.com<\/p>\n\n\n\n<p><a href=\"http:\/\/www.isyeg.com\/wp-content\/uploads\/2021\/01\/EK-3-YEG-IS-BASVURU-FORMU-ORNEGI.doc\">EK-3-YEG-IS-BASVURU-FORMU-ORNEGI<\/a><a href=\"http:\/\/www.isyeg.com\/wp-content\/uploads\/2021\/01\/EK-3-YEG-IS-BASVURU-FORMU-ORNEGI.doc\">\u0130ndir<\/a><\/p>\n","protected":false},"excerpt":{"rendered":"<p>\u0130skilip Yerel Eylem Grubu Dernek merkezinde g\u00f6revlendirilmek \u00fczere a\u015fa\u011f\u0131daki \u015fartlar\u0131 ta\u015f\u0131yan 1 adet Uzman alacakt\u0131r. Adaylarda Aranacak Genel Ko\u015fullar Kamu haklar\u0131ndan yasaklanmam\u0131\u015f olmak (Adli<\/p>\n","protected":false},"author":1,"featured_media":202,"comment_status":"closed","ping_status":"open","sticky":false,"template":"","format":"standard","meta":{"footnotes":""},"categories":[10],"tags":[],"class_list":["post-196","post","type-post","status-publish","format-standard","has-post-thumbnail","hentry","category-duyurular"],"_links":{"self":[{"href":"http:\/\/www.isyeg.com\/index.php?rest_route=\/wp\/v2\/posts\/196","targetHints":{"allow":["GET"]}}],"collection":[{"href":"http:\/\/www.isyeg.com\/index.php?rest_route=\/wp\/v2\/posts"}],"about":[{"href":"http:\/\/www.isyeg.com\/index.php?rest_route=\/wp\/v2\/types\/post"}],"author":[{"embeddable":true,"href":"http:\/\/www.isyeg.com\/index.php?rest_route=\/wp\/v2\/users\/1"}],"replies":[{"embeddable":true,"href":"http:\/\/www.isyeg.com\/index.php?rest_route=%2Fwp%2Fv2%2Fcomments&post=196"}],"version-history":[{"count":2,"href":"http:\/\/www.isyeg.com\/index.php?rest_route=\/wp\/v2\/posts\/196\/revisions"}],"predecessor-version":[{"id":203,"href":"http:\/\/www.isyeg.com\/index.php?rest_route=\/wp\/v2\/posts\/196\/revisions\/203"}],"wp:featuredmedia":[{"embeddable":true,"href":"http:\/\/www.isyeg.com\/index.php?rest_route=\/wp\/v2\/media\/202"}],"wp:attachment":[{"href":"http:\/\/www.isyeg.com\/index.php?rest_route=%2Fwp%2Fv2%2Fmedia&parent=196"}],"wp:term":[{"taxonomy":"category","embeddable":true,"href":"http:\/\/www.isyeg.com\/index.php?rest_route=%2Fwp%2Fv2%2Fcategories&post=196"},{"taxonomy":"post_tag","embeddable":true,"href":"http:\/\/www.isyeg.com\/index.php?rest_route=%2Fwp%2Fv2%2Ftags&post=196"}],"curies":[{"name":"wp","href":"https:\/\/api.w.org\/{rel}","templated":true}]}}