{"id":1707,"date":"2025-01-19T12:49:40","date_gmt":"2025-01-19T12:49:40","guid":{"rendered":"http:\/\/www.isyeg.com\/?p=1707"},"modified":"2025-01-19T12:49:41","modified_gmt":"2025-01-19T12:49:41","slug":"iskilip-yerel-eylem-grubu-dernegi-iskilipe-ait-kultur-varliklarinin-basili-yayin-haline-getirilmesi-projesini-basariyla-tamamladi","status":"publish","type":"post","link":"http:\/\/www.isyeg.com\/?p=1707","title":{"rendered":"\u0130SK\u0130L\u0130P YEREL EYLEM GRUBU DERNE\u011e\u0130 \u0130SK\u0130L\u0130P&#8217;E A\u0130T K\u00dcLT\u00dcR VARLIKLARININ BASILI YAYIN HAL\u0130NE GET\u0130R\u0130LMES\u0130 PROJES\u0130N\u0130 BA\u015eARIYLA TAMAMLADI."},"content":{"rendered":"\n<p>Derne\u011fimiz proje kapsam\u0131nda il\u00e7emizde ya\u015fam\u0131\u015f tarihi ve k\u00fclt\u00fcrel de\u011ferlere sahip ki\u015filiklerin miras\u0131n\u0131 \u00f6n\u00fcm\u00fczdeki ku\u015faklara aktar\u0131lmas\u0131 amac\u0131yla \u2018\u2019Son D\u00f6nem \u0130skilipli Alimler\u2019\u2019 adl\u0131 eserin bas\u0131l\u0131 yay\u0131n haline getirilerek ilgili kurumlara da\u011f\u0131t\u0131m\u0131 ger\u00e7ekle\u015ftirdi. <\/p>\n\n\n\n<p>Eme\u011fi ge\u00e7en herkese sonsuz te\u015fekk\u00fcrlerimizi sunar\u0131z. <\/p>\n\n\n\n<p>\u0130skilip Yerel Eylem Grubu Derne\u011fi<\/p>\n\n\n\n<figure class=\"wp-block-image size-full\"><img loading=\"lazy\" decoding=\"async\" width=\"606\" height=\"463\" src=\"http:\/\/www.isyeg.com\/wp-content\/uploads\/2025\/01\/image-16.png\" alt=\"\" class=\"wp-image-1708\" srcset=\"http:\/\/www.isyeg.com\/wp-content\/uploads\/2025\/01\/image-16.png 606w, http:\/\/www.isyeg.com\/wp-content\/uploads\/2025\/01\/image-16-300x229.png 300w, http:\/\/www.isyeg.com\/wp-content\/uploads\/2025\/01\/image-16-345x265.png 345w\" sizes=\"auto, (max-width: 606px) 100vw, 606px\" \/><\/figure>\n\n\n\n<figure class=\"wp-block-image size-full\"><img loading=\"lazy\" decoding=\"async\" width=\"634\" height=\"463\" src=\"http:\/\/www.isyeg.com\/wp-content\/uploads\/2025\/01\/image-17.png\" alt=\"\" class=\"wp-image-1709\" srcset=\"http:\/\/www.isyeg.com\/wp-content\/uploads\/2025\/01\/image-17.png 634w, http:\/\/www.isyeg.com\/wp-content\/uploads\/2025\/01\/image-17-300x219.png 300w\" sizes=\"auto, (max-width: 634px) 100vw, 634px\" \/><\/figure>\n\n\n\n<figure class=\"wp-block-image size-full\"><img loading=\"lazy\" decoding=\"async\" width=\"618\" height=\"463\" src=\"http:\/\/www.isyeg.com\/wp-content\/uploads\/2025\/01\/image-18.png\" alt=\"\" class=\"wp-image-1710\" srcset=\"http:\/\/www.isyeg.com\/wp-content\/uploads\/2025\/01\/image-18.png 618w, http:\/\/www.isyeg.com\/wp-content\/uploads\/2025\/01\/image-18-300x225.png 300w\" sizes=\"auto, (max-width: 618px) 100vw, 618px\" \/><\/figure>\n","protected":false},"excerpt":{"rendered":"<p>Derne\u011fimiz proje kapsam\u0131nda il\u00e7emizde ya\u015fam\u0131\u015f tarihi ve k\u00fclt\u00fcrel de\u011ferlere sahip ki\u015filiklerin miras\u0131n\u0131 \u00f6n\u00fcm\u00fczdeki ku\u015faklara aktar\u0131lmas\u0131 amac\u0131yla \u2018\u2019Son D\u00f6nem \u0130skilipli Alimler\u2019\u2019 adl\u0131 eserin bas\u0131l\u0131 yay\u0131n<\/p>\n","protected":false},"author":1,"featured_media":0,"comment_status":"closed","ping_status":"open","sticky":false,"template":"","format":"standard","meta":{"footnotes":""},"categories":[135],"tags":[],"class_list":["post-1707","post","type-post","status-publish","format-standard","hentry","category-projelerimiz-faaliyetlerimiz"],"_links":{"self":[{"href":"http:\/\/www.isyeg.com\/index.php?rest_route=\/wp\/v2\/posts\/1707","targetHints":{"allow":["GET"]}}],"collection":[{"href":"http:\/\/www.isyeg.com\/index.php?rest_route=\/wp\/v2\/posts"}],"about":[{"href":"http:\/\/www.isyeg.com\/index.php?rest_route=\/wp\/v2\/types\/post"}],"author":[{"embeddable":true,"href":"http:\/\/www.isyeg.com\/index.php?rest_route=\/wp\/v2\/users\/1"}],"replies":[{"embeddable":true,"href":"http:\/\/www.isyeg.com\/index.php?rest_route=%2Fwp%2Fv2%2Fcomments&post=1707"}],"version-history":[{"count":1,"href":"http:\/\/www.isyeg.com\/index.php?rest_route=\/wp\/v2\/posts\/1707\/revisions"}],"predecessor-version":[{"id":1711,"href":"http:\/\/www.isyeg.com\/index.php?rest_route=\/wp\/v2\/posts\/1707\/revisions\/1711"}],"wp:attachment":[{"href":"http:\/\/www.isyeg.com\/index.php?rest_route=%2Fwp%2Fv2%2Fmedia&parent=1707"}],"wp:term":[{"taxonomy":"category","embeddable":true,"href":"http:\/\/www.isyeg.com\/index.php?rest_route=%2Fwp%2Fv2%2Fcategories&post=1707"},{"taxonomy":"post_tag","embeddable":true,"href":"http:\/\/www.isyeg.com\/index.php?rest_route=%2Fwp%2Fv2%2Ftags&post=1707"}],"curies":[{"name":"wp","href":"https:\/\/api.w.org\/{rel}","templated":true}]}}