{"id":1702,"date":"2025-01-19T12:46:42","date_gmt":"2025-01-19T12:46:42","guid":{"rendered":"http:\/\/www.isyeg.com\/?p=1702"},"modified":"2025-01-19T12:46:43","modified_gmt":"2025-01-19T12:46:43","slug":"iskilip-yerel-eylem-grubu-dernegi-olarak-kirsal-turizm-altyapisinin-gelistirilmesine-yonelik-proje-basariyla-tamamlandi","status":"publish","type":"post","link":"http:\/\/www.isyeg.com\/?p=1702","title":{"rendered":"\u0130SK\u0130L\u0130P YEREL EYLEM GRUBU DERNE\u011e\u0130 OLARAK KIRSAL TUR\u0130ZM ALTYAPISININ GEL\u0130\u015eT\u0130R\u0130LMES\u0130NE Y\u00d6NEL\u0130K PROJE BA\u015eARIYLA TAMAMLANDI."},"content":{"rendered":"\n<p>Derne\u011fimiz il\u00e7emizde faaliyetlerini s\u00fcrd\u00fcren \u0130skilip K\u00fclt\u00fcr Turizm Do\u011fa Sporlar\u0131 Arama ve Kurtarma Derne\u011fi ile ortak ger\u00e7ekle\u015ftirdi\u011fi  &#8220;K\u0131rsal Turizm ve Yayla Turizminin Geli\u015ftirilmesi \u0130\u00e7in STK\u2019lara Makine Ekipman Deste\u011fi Verilmesi&#8221; proje ba\u015fl\u0131\u011f\u0131 alt\u0131nda ger\u00e7ekle\u015ftirilen projede yayla turizmi, do\u011fa y\u00fcr\u00fcy\u00fc\u015fleri, yayla etkinlikleri ulusal bayramlar vb. organizasyonlarda kullan\u0131lmas\u0131 amac\u0131yla \u00e7ekme karavan temini ger\u00e7ekle\u015ftirilmi\u015ftir.<\/p>\n\n\n\n<p><\/p>\n\n\n\n<p>Eme\u011fi ge\u00e7en herkese sonsuz te\u015fekk\u00fcrlerimiz sunar\u0131z. <\/p>\n\n\n\n<p>\u0130skilip Yerel Eylem Grubu Derne\u011fi<\/p>\n\n\n\n<figure class=\"wp-block-image size-full\"><img loading=\"lazy\" decoding=\"async\" width=\"617\" height=\"463\" src=\"http:\/\/www.isyeg.com\/wp-content\/uploads\/2025\/01\/image-13.png\" alt=\"\" class=\"wp-image-1703\" srcset=\"http:\/\/www.isyeg.com\/wp-content\/uploads\/2025\/01\/image-13.png 617w, http:\/\/www.isyeg.com\/wp-content\/uploads\/2025\/01\/image-13-300x225.png 300w\" sizes=\"auto, (max-width: 617px) 100vw, 617px\" \/><\/figure>\n\n\n\n<figure class=\"wp-block-image size-full\"><img loading=\"lazy\" decoding=\"async\" width=\"614\" height=\"463\" src=\"http:\/\/www.isyeg.com\/wp-content\/uploads\/2025\/01\/image-14.png\" alt=\"\" class=\"wp-image-1704\" srcset=\"http:\/\/www.isyeg.com\/wp-content\/uploads\/2025\/01\/image-14.png 614w, http:\/\/www.isyeg.com\/wp-content\/uploads\/2025\/01\/image-14-300x226.png 300w\" sizes=\"auto, (max-width: 614px) 100vw, 614px\" \/><\/figure>\n\n\n\n<figure class=\"wp-block-image size-full\"><img loading=\"lazy\" decoding=\"async\" width=\"618\" height=\"463\" src=\"http:\/\/www.isyeg.com\/wp-content\/uploads\/2025\/01\/image-15.png\" alt=\"\" class=\"wp-image-1705\" srcset=\"http:\/\/www.isyeg.com\/wp-content\/uploads\/2025\/01\/image-15.png 618w, http:\/\/www.isyeg.com\/wp-content\/uploads\/2025\/01\/image-15-300x225.png 300w\" sizes=\"auto, (max-width: 618px) 100vw, 618px\" \/><\/figure>\n","protected":false},"excerpt":{"rendered":"<p>Derne\u011fimiz il\u00e7emizde faaliyetlerini s\u00fcrd\u00fcren \u0130skilip K\u00fclt\u00fcr Turizm Do\u011fa Sporlar\u0131 Arama ve Kurtarma Derne\u011fi ile ortak ger\u00e7ekle\u015ftirdi\u011fi &#8220;K\u0131rsal Turizm ve Yayla Turizminin Geli\u015ftirilmesi \u0130\u00e7in STK\u2019lara<\/p>\n","protected":false},"author":1,"featured_media":0,"comment_status":"closed","ping_status":"open","sticky":false,"template":"","format":"standard","meta":{"footnotes":""},"categories":[135],"tags":[],"class_list":["post-1702","post","type-post","status-publish","format-standard","hentry","category-projelerimiz-faaliyetlerimiz"],"_links":{"self":[{"href":"http:\/\/www.isyeg.com\/index.php?rest_route=\/wp\/v2\/posts\/1702","targetHints":{"allow":["GET"]}}],"collection":[{"href":"http:\/\/www.isyeg.com\/index.php?rest_route=\/wp\/v2\/posts"}],"about":[{"href":"http:\/\/www.isyeg.com\/index.php?rest_route=\/wp\/v2\/types\/post"}],"author":[{"embeddable":true,"href":"http:\/\/www.isyeg.com\/index.php?rest_route=\/wp\/v2\/users\/1"}],"replies":[{"embeddable":true,"href":"http:\/\/www.isyeg.com\/index.php?rest_route=%2Fwp%2Fv2%2Fcomments&post=1702"}],"version-history":[{"count":1,"href":"http:\/\/www.isyeg.com\/index.php?rest_route=\/wp\/v2\/posts\/1702\/revisions"}],"predecessor-version":[{"id":1706,"href":"http:\/\/www.isyeg.com\/index.php?rest_route=\/wp\/v2\/posts\/1702\/revisions\/1706"}],"wp:attachment":[{"href":"http:\/\/www.isyeg.com\/index.php?rest_route=%2Fwp%2Fv2%2Fmedia&parent=1702"}],"wp:term":[{"taxonomy":"category","embeddable":true,"href":"http:\/\/www.isyeg.com\/index.php?rest_route=%2Fwp%2Fv2%2Fcategories&post=1702"},{"taxonomy":"post_tag","embeddable":true,"href":"http:\/\/www.isyeg.com\/index.php?rest_route=%2Fwp%2Fv2%2Ftags&post=1702"}],"curies":[{"name":"wp","href":"https:\/\/api.w.org\/{rel}","templated":true}]}}