{"id":1692,"date":"2025-01-19T12:39:39","date_gmt":"2025-01-19T12:39:39","guid":{"rendered":"http:\/\/www.isyeg.com\/?p=1692"},"modified":"2025-01-19T12:39:40","modified_gmt":"2025-01-19T12:39:40","slug":"iskilip-yerel-eylem-grubu-dernegi-olarak-tarihi-ve-kulturel-varliklarin-bakim-onarimi-konusu-altinda-ilcemizde-bulunan-redif-kislamizin-demirbas-temini-projesini-basariyla-tamamlamistir","status":"publish","type":"post","link":"http:\/\/www.isyeg.com\/?p=1692","title":{"rendered":"\u0130SK\u0130L\u0130P YEREL EYLEM GRUBU DERNE\u011e\u0130 OLARAK TAR\u0130H\u0130 VE K\u00dcLT\u00dcREL VARLIKLARIN BAKIM-ONARIMI KONUSU ALTINDA \u0130L\u00c7EM\u0130ZDE BULUNAN RED\u0130F KI\u015eLAMIZIN DEM\u0130RBA\u015e TEM\u0130N\u0130 PROJES\u0130N\u0130 BA\u015eARIYLA TAMAMLAMI\u015eTIR."},"content":{"rendered":"\n<p>Proje kapsam\u0131nda &#8220;Tarihi ve K\u00fclt\u00fcrel Varl\u0131klar\u0131n Bak\u0131m-Onar\u0131m ve Demirba\u015f Temininin Sa\u011flanmas\u0131&#8221; proje ba\u015fl\u0131\u011f\u0131 alt\u0131nda  il\u00e7emizde bulunan Redif K\u0131\u015flam\u0131z\u0131n ihtiya\u00e7lar\u0131 do\u011frultusunda demirba\u015f temini ger\u00e7ekle\u015ftirilmi\u015ftir.<\/p>\n\n\n\n<p>Eme\u011fi ge\u00e7en herkese sonsuz te\u015fekk\u00fcrlerimizi sunar\u0131z. <\/p>\n\n\n\n<p>\u0130skilip Yerel Eylem Grubu Derne\u011fi<\/p>\n\n\n\n<p><\/p>\n\n\n\n<figure class=\"wp-block-image size-full\"><img loading=\"lazy\" decoding=\"async\" width=\"617\" height=\"463\" src=\"http:\/\/www.isyeg.com\/wp-content\/uploads\/2025\/01\/image-7.png\" alt=\"\" class=\"wp-image-1693\" srcset=\"http:\/\/www.isyeg.com\/wp-content\/uploads\/2025\/01\/image-7.png 617w, http:\/\/www.isyeg.com\/wp-content\/uploads\/2025\/01\/image-7-300x225.png 300w\" sizes=\"auto, (max-width: 617px) 100vw, 617px\" \/><\/figure>\n\n\n\n<figure class=\"wp-block-image size-full\"><img loading=\"lazy\" decoding=\"async\" width=\"614\" height=\"463\" src=\"http:\/\/www.isyeg.com\/wp-content\/uploads\/2025\/01\/image-8.png\" alt=\"\" class=\"wp-image-1694\" srcset=\"http:\/\/www.isyeg.com\/wp-content\/uploads\/2025\/01\/image-8.png 614w, http:\/\/www.isyeg.com\/wp-content\/uploads\/2025\/01\/image-8-300x226.png 300w\" sizes=\"auto, (max-width: 614px) 100vw, 614px\" \/><\/figure>\n\n\n\n<figure class=\"wp-block-image size-full\"><img loading=\"lazy\" decoding=\"async\" width=\"618\" height=\"463\" src=\"http:\/\/www.isyeg.com\/wp-content\/uploads\/2025\/01\/image-9.png\" alt=\"\" class=\"wp-image-1695\" srcset=\"http:\/\/www.isyeg.com\/wp-content\/uploads\/2025\/01\/image-9.png 618w, http:\/\/www.isyeg.com\/wp-content\/uploads\/2025\/01\/image-9-300x225.png 300w\" sizes=\"auto, (max-width: 618px) 100vw, 618px\" \/><\/figure>\n","protected":false},"excerpt":{"rendered":"<p>Proje kapsam\u0131nda &#8220;Tarihi ve K\u00fclt\u00fcrel Varl\u0131klar\u0131n Bak\u0131m-Onar\u0131m ve Demirba\u015f Temininin Sa\u011flanmas\u0131&#8221; proje ba\u015fl\u0131\u011f\u0131 alt\u0131nda il\u00e7emizde bulunan Redif K\u0131\u015flam\u0131z\u0131n ihtiya\u00e7lar\u0131 do\u011frultusunda demirba\u015f temini ger\u00e7ekle\u015ftirilmi\u015ftir. Eme\u011fi<\/p>\n","protected":false},"author":1,"featured_media":0,"comment_status":"closed","ping_status":"open","sticky":false,"template":"","format":"standard","meta":{"footnotes":""},"categories":[135],"tags":[],"class_list":["post-1692","post","type-post","status-publish","format-standard","hentry","category-projelerimiz-faaliyetlerimiz"],"_links":{"self":[{"href":"http:\/\/www.isyeg.com\/index.php?rest_route=\/wp\/v2\/posts\/1692","targetHints":{"allow":["GET"]}}],"collection":[{"href":"http:\/\/www.isyeg.com\/index.php?rest_route=\/wp\/v2\/posts"}],"about":[{"href":"http:\/\/www.isyeg.com\/index.php?rest_route=\/wp\/v2\/types\/post"}],"author":[{"embeddable":true,"href":"http:\/\/www.isyeg.com\/index.php?rest_route=\/wp\/v2\/users\/1"}],"replies":[{"embeddable":true,"href":"http:\/\/www.isyeg.com\/index.php?rest_route=%2Fwp%2Fv2%2Fcomments&post=1692"}],"version-history":[{"count":1,"href":"http:\/\/www.isyeg.com\/index.php?rest_route=\/wp\/v2\/posts\/1692\/revisions"}],"predecessor-version":[{"id":1696,"href":"http:\/\/www.isyeg.com\/index.php?rest_route=\/wp\/v2\/posts\/1692\/revisions\/1696"}],"wp:attachment":[{"href":"http:\/\/www.isyeg.com\/index.php?rest_route=%2Fwp%2Fv2%2Fmedia&parent=1692"}],"wp:term":[{"taxonomy":"category","embeddable":true,"href":"http:\/\/www.isyeg.com\/index.php?rest_route=%2Fwp%2Fv2%2Fcategories&post=1692"},{"taxonomy":"post_tag","embeddable":true,"href":"http:\/\/www.isyeg.com\/index.php?rest_route=%2Fwp%2Fv2%2Ftags&post=1692"}],"curies":[{"name":"wp","href":"https:\/\/api.w.org\/{rel}","templated":true}]}}