{"id":1497,"date":"2024-05-23T08:44:59","date_gmt":"2024-05-23T08:44:59","guid":{"rendered":"http:\/\/www.isyeg.com\/?p=1497"},"modified":"2024-05-23T08:45:00","modified_gmt":"2024-05-23T08:45:00","slug":"iskilip-yerel-eylem-grubu-dernegi-2024-yillik-uygulama-plani-dahilinde-faaliyet-1-15-meyve-ve-sebzelerin-kurutulmasi-islenmesi-paketlenmesi-ve-pazarlanmasina-ekipman-saglanmasi-projesini","status":"publish","type":"post","link":"http:\/\/www.isyeg.com\/?p=1497","title":{"rendered":"\u0130skilip Yerel Eylem Grubu Derne\u011fi 2024 Y\u0131ll\u0131k Uygulama Plan\u0131 dahilinde &#8220;Faaliyet 1.15 Meyve ve sebzelerin kurutulmas\u0131, i\u015flenmesi, paketlenmesi ve pazarlanmas\u0131na ekipman sa\u011flanmas\u0131\u201d projesini ba\u015far\u0131yla tamamlad\u0131."},"content":{"rendered":"\n<figure class=\"wp-block-gallery has-nested-images columns-default is-cropped wp-block-gallery-1 is-layout-flex wp-block-gallery-is-layout-flex\">\n<figure class=\"wp-block-image size-large\"><img loading=\"lazy\" decoding=\"async\" width=\"768\" height=\"1024\" data-id=\"1498\" src=\"http:\/\/www.isyeg.com\/wp-content\/uploads\/2024\/05\/WhatsApp-Image-2024-05-23-at-11.09.26-768x1024.jpeg\" alt=\"\" class=\"wp-image-1498\" srcset=\"http:\/\/www.isyeg.com\/wp-content\/uploads\/2024\/05\/WhatsApp-Image-2024-05-23-at-11.09.26-768x1024.jpeg 768w, http:\/\/www.isyeg.com\/wp-content\/uploads\/2024\/05\/WhatsApp-Image-2024-05-23-at-11.09.26-225x300.jpeg 225w, http:\/\/www.isyeg.com\/wp-content\/uploads\/2024\/05\/WhatsApp-Image-2024-05-23-at-11.09.26-1152x1536.jpeg 1152w, http:\/\/www.isyeg.com\/wp-content\/uploads\/2024\/05\/WhatsApp-Image-2024-05-23-at-11.09.26-1536x2048.jpeg 1536w, http:\/\/www.isyeg.com\/wp-content\/uploads\/2024\/05\/WhatsApp-Image-2024-05-23-at-11.09.26-scaled.jpeg 1920w\" sizes=\"auto, (max-width: 768px) 100vw, 768px\" \/><\/figure>\n\n\n\n<figure class=\"wp-block-image size-large\"><img loading=\"lazy\" decoding=\"async\" width=\"1024\" height=\"768\" data-id=\"1501\" src=\"http:\/\/www.isyeg.com\/wp-content\/uploads\/2024\/05\/WhatsApp-Image-2024-05-23-at-11.09.00-1024x768.jpeg\" alt=\"\" class=\"wp-image-1501\" srcset=\"http:\/\/www.isyeg.com\/wp-content\/uploads\/2024\/05\/WhatsApp-Image-2024-05-23-at-11.09.00-1024x768.jpeg 1024w, http:\/\/www.isyeg.com\/wp-content\/uploads\/2024\/05\/WhatsApp-Image-2024-05-23-at-11.09.00-300x225.jpeg 300w, http:\/\/www.isyeg.com\/wp-content\/uploads\/2024\/05\/WhatsApp-Image-2024-05-23-at-11.09.00-768x576.jpeg 768w, http:\/\/www.isyeg.com\/wp-content\/uploads\/2024\/05\/WhatsApp-Image-2024-05-23-at-11.09.00-1536x1152.jpeg 1536w, http:\/\/www.isyeg.com\/wp-content\/uploads\/2024\/05\/WhatsApp-Image-2024-05-23-at-11.09.00-2048x1536.jpeg 2048w\" sizes=\"auto, (max-width: 1024px) 100vw, 1024px\" \/><\/figure>\n\n\n\n<figure class=\"wp-block-image size-large\"><img loading=\"lazy\" decoding=\"async\" width=\"1024\" height=\"768\" data-id=\"1500\" src=\"http:\/\/www.isyeg.com\/wp-content\/uploads\/2024\/05\/WhatsApp-Image-2024-05-23-at-11.09.08-1024x768.jpeg\" alt=\"\" class=\"wp-image-1500\" srcset=\"http:\/\/www.isyeg.com\/wp-content\/uploads\/2024\/05\/WhatsApp-Image-2024-05-23-at-11.09.08-1024x768.jpeg 1024w, http:\/\/www.isyeg.com\/wp-content\/uploads\/2024\/05\/WhatsApp-Image-2024-05-23-at-11.09.08-300x225.jpeg 300w, http:\/\/www.isyeg.com\/wp-content\/uploads\/2024\/05\/WhatsApp-Image-2024-05-23-at-11.09.08-768x576.jpeg 768w, http:\/\/www.isyeg.com\/wp-content\/uploads\/2024\/05\/WhatsApp-Image-2024-05-23-at-11.09.08-1536x1152.jpeg 1536w, http:\/\/www.isyeg.com\/wp-content\/uploads\/2024\/05\/WhatsApp-Image-2024-05-23-at-11.09.08-2048x1536.jpeg 2048w\" sizes=\"auto, (max-width: 1024px) 100vw, 1024px\" \/><\/figure>\n\n\n\n<figure class=\"wp-block-image size-large\"><img loading=\"lazy\" decoding=\"async\" width=\"768\" height=\"1024\" data-id=\"1499\" src=\"http:\/\/www.isyeg.com\/wp-content\/uploads\/2024\/05\/WhatsApp-Image-2024-05-23-at-11.09.19-768x1024.jpeg\" alt=\"\" class=\"wp-image-1499\" srcset=\"http:\/\/www.isyeg.com\/wp-content\/uploads\/2024\/05\/WhatsApp-Image-2024-05-23-at-11.09.19-768x1024.jpeg 768w, http:\/\/www.isyeg.com\/wp-content\/uploads\/2024\/05\/WhatsApp-Image-2024-05-23-at-11.09.19-225x300.jpeg 225w, http:\/\/www.isyeg.com\/wp-content\/uploads\/2024\/05\/WhatsApp-Image-2024-05-23-at-11.09.19-1152x1536.jpeg 1152w, http:\/\/www.isyeg.com\/wp-content\/uploads\/2024\/05\/WhatsApp-Image-2024-05-23-at-11.09.19-1536x2048.jpeg 1536w, http:\/\/www.isyeg.com\/wp-content\/uploads\/2024\/05\/WhatsApp-Image-2024-05-23-at-11.09.19-scaled.jpeg 1920w\" sizes=\"auto, (max-width: 768px) 100vw, 768px\" \/><\/figure>\n<\/figure>\n\n\n\n<p>\u0130skilip Yerel Eylem Grubu Derne\u011fi 2024 Y\u0131ll\u0131k Uygulama Plan\u0131 d\u00e2hilinde \u201cFaaliyet 1.15 Meyve ve sebzelerin kurutulmas\u0131, i\u015flenmesi, paketlenmesi ve pazarlanmas\u0131na ekipman sa\u011flanmas\u0131\u201d projesi kapsam\u0131nda \u0130STARGE ( \u0130skilip Tar\u0131m\u0131n\u0131 Ara\u015ft\u0131rma ve Geli\u015ftirme Derne\u011fi) ile birlikte toplant\u0131, konser, sergi, k\u00fclt\u00fcr-turizm, ulusal, b\u00f6lgesel ve yerel fuar, organizasyon, \u015fenlik vb. etkinliklerde kullan\u0131lmas\u0131 amac\u0131yla seyyar \u00e7ekme karavan temini projesini ba\u015far\u0131yla tamamlam\u0131\u015ft\u0131r.<\/p>\n\n\n\n<p>Proje ile il\u00e7emize \u00f6zg\u00fc il\u00e7emizde \u00fcretilen meyve ve sebzelerin y\u00f6resel ve co\u011frafi i\u015faretli \u00fcr\u00fcnlerin konser, fuar, toplant\u0131, \u015fenlik, ulusal, b\u00f6lgesel ve yerel etkinliklerde kullan\u0131lmas\u0131 ama\u00e7lanm\u0131\u015ft\u0131r.<\/p>\n\n\n\n<p>\u0130l\u00e7emiz sahip oldu\u011fu pek \u00e7ok yerel ve ni\u015f \u00fcr\u00fcnlerini bu proje sayesinde ulusal anlamda sergileme, tan\u0131tma, sunum gibi aktivitelerini ger\u00e7ekle\u015ftirecek, \u201cher \u00fcr\u00fcn-bir marka\u201d slogan\u0131na uygun olarak bu alandaki \u00e7al\u0131\u015fmalar\u0131na katk\u0131 sa\u011flam\u0131\u015f olacakt\u0131r.<\/p>\n\n\n\n<p>Eme\u011fi ge\u00e7en herkese sonsuz te\u015fekk\u00fcrlerimizi sunar\u0131z.<\/p>\n\n\n\n<p>\u0130SK\u0130L\u0130P YEREL EYLEM GRUBU DERNE\u011e\u0130&nbsp;&nbsp;<\/p>\n","protected":false},"excerpt":{"rendered":"<p>\u0130skilip Yerel Eylem Grubu Derne\u011fi 2024 Y\u0131ll\u0131k Uygulama Plan\u0131 d\u00e2hilinde \u201cFaaliyet 1.15 Meyve ve sebzelerin kurutulmas\u0131, i\u015flenmesi, paketlenmesi ve pazarlanmas\u0131na ekipman sa\u011flanmas\u0131\u201d projesi kapsam\u0131nda<\/p>\n","protected":false},"author":1,"featured_media":1244,"comment_status":"closed","ping_status":"open","sticky":false,"template":"","format":"standard","meta":{"footnotes":""},"categories":[135],"tags":[],"class_list":["post-1497","post","type-post","status-publish","format-standard","has-post-thumbnail","hentry","category-projelerimiz-faaliyetlerimiz"],"_links":{"self":[{"href":"http:\/\/www.isyeg.com\/index.php?rest_route=\/wp\/v2\/posts\/1497","targetHints":{"allow":["GET"]}}],"collection":[{"href":"http:\/\/www.isyeg.com\/index.php?rest_route=\/wp\/v2\/posts"}],"about":[{"href":"http:\/\/www.isyeg.com\/index.php?rest_route=\/wp\/v2\/types\/post"}],"author":[{"embeddable":true,"href":"http:\/\/www.isyeg.com\/index.php?rest_route=\/wp\/v2\/users\/1"}],"replies":[{"embeddable":true,"href":"http:\/\/www.isyeg.com\/index.php?rest_route=%2Fwp%2Fv2%2Fcomments&post=1497"}],"version-history":[{"count":1,"href":"http:\/\/www.isyeg.com\/index.php?rest_route=\/wp\/v2\/posts\/1497\/revisions"}],"predecessor-version":[{"id":1502,"href":"http:\/\/www.isyeg.com\/index.php?rest_route=\/wp\/v2\/posts\/1497\/revisions\/1502"}],"wp:featuredmedia":[{"embeddable":true,"href":"http:\/\/www.isyeg.com\/index.php?rest_route=\/wp\/v2\/media\/1244"}],"wp:attachment":[{"href":"http:\/\/www.isyeg.com\/index.php?rest_route=%2Fwp%2Fv2%2Fmedia&parent=1497"}],"wp:term":[{"taxonomy":"category","embeddable":true,"href":"http:\/\/www.isyeg.com\/index.php?rest_route=%2Fwp%2Fv2%2Fcategories&post=1497"},{"taxonomy":"post_tag","embeddable":true,"href":"http:\/\/www.isyeg.com\/index.php?rest_route=%2Fwp%2Fv2%2Ftags&post=1497"}],"curies":[{"name":"wp","href":"https:\/\/api.w.org\/{rel}","templated":true}]}}