{"id":1414,"date":"2024-03-11T11:46:55","date_gmt":"2024-03-11T11:46:55","guid":{"rendered":"http:\/\/www.isyeg.com\/?p=1414"},"modified":"2024-03-11T11:46:56","modified_gmt":"2024-03-11T11:46:56","slug":"iskilip-yerel-eylem-grubu-dernegi-olarak-2023-yili-faaliyet-2-16-kapsaminda-iskilip-illustrator-haritasi-projesini-basariyla-tamamladi","status":"publish","type":"post","link":"http:\/\/www.isyeg.com\/?p=1414","title":{"rendered":"\u0130SK\u0130L\u0130P YEREL EYLEM GRUBU DERNE\u011e\u0130 OLARAK 2023 YILI FAAL\u0130YET 2.16 KAPSAMINDA \u0130SK\u0130L\u0130P \u0130LL\u00dcSTRAT\u00d6R HAR\u0130TASI PROJES\u0130N\u0130 BA\u015eARIYLA TAMAMLADI"},"content":{"rendered":"\n<p>Derne\u011fimiz 2023 Y\u0131l\u0131 Planlanm\u0131\u015f Faaliyetleri aras\u0131nda yer alan &#8221; Faaliyet 2.16 \u0130skilip \u0130ll\u00fcstrat\u00f6r Haritas\u0131n\u0131n \u00c7\u0131kar\u0131lmas\u0131, Bas\u0131lmas\u0131 ve Turizme Kazand\u0131r\u0131lmas\u0131&#8221; projesi kapsam\u0131nda \u0130skilip Minyat\u00fcr Haritas\u0131n\u0131n \u0130ll\u00fcstrat\u00f6r Haritas\u0131 formuna getirilerek k\u0131rsal turizme kazand\u0131r\u0131lmas\u0131 amac\u0131yla bas\u0131m ve da\u011f\u0131t\u0131m a\u015famalar\u0131n\u0131 da ba\u015far\u0131yla tamamlayarak projeyi sonu\u00e7land\u0131rm\u0131\u015ft\u0131r. <\/p>\n\n\n\n<p>Eme\u011fi ge\u00e7en herkese sonsuz te\u015fekk\u00fcrlerimizi sunar\u0131z. <\/p>\n\n\n\n<figure class=\"wp-block-image size-full\"><img loading=\"lazy\" decoding=\"async\" width=\"1003\" height=\"710\" src=\"http:\/\/www.isyeg.com\/wp-content\/uploads\/2024\/03\/Ekran-goruntusu-2024-03-11-144612.png\" alt=\"\" class=\"wp-image-1415\" srcset=\"http:\/\/www.isyeg.com\/wp-content\/uploads\/2024\/03\/Ekran-goruntusu-2024-03-11-144612.png 1003w, http:\/\/www.isyeg.com\/wp-content\/uploads\/2024\/03\/Ekran-goruntusu-2024-03-11-144612-300x212.png 300w, http:\/\/www.isyeg.com\/wp-content\/uploads\/2024\/03\/Ekran-goruntusu-2024-03-11-144612-768x544.png 768w\" sizes=\"auto, (max-width: 1003px) 100vw, 1003px\" \/><\/figure>\n\n\n\n<p><\/p>\n\n\n\n<p><\/p>\n","protected":false},"excerpt":{"rendered":"<p>Derne\u011fimiz 2023 Y\u0131l\u0131 Planlanm\u0131\u015f Faaliyetleri aras\u0131nda yer alan &#8221; Faaliyet 2.16 \u0130skilip \u0130ll\u00fcstrat\u00f6r Haritas\u0131n\u0131n \u00c7\u0131kar\u0131lmas\u0131, Bas\u0131lmas\u0131 ve Turizme Kazand\u0131r\u0131lmas\u0131&#8221; projesi kapsam\u0131nda \u0130skilip Minyat\u00fcr Haritas\u0131n\u0131n<\/p>\n","protected":false},"author":1,"featured_media":1244,"comment_status":"closed","ping_status":"open","sticky":false,"template":"","format":"standard","meta":{"footnotes":""},"categories":[135],"tags":[],"class_list":["post-1414","post","type-post","status-publish","format-standard","has-post-thumbnail","hentry","category-projelerimiz-faaliyetlerimiz"],"_links":{"self":[{"href":"http:\/\/www.isyeg.com\/index.php?rest_route=\/wp\/v2\/posts\/1414","targetHints":{"allow":["GET"]}}],"collection":[{"href":"http:\/\/www.isyeg.com\/index.php?rest_route=\/wp\/v2\/posts"}],"about":[{"href":"http:\/\/www.isyeg.com\/index.php?rest_route=\/wp\/v2\/types\/post"}],"author":[{"embeddable":true,"href":"http:\/\/www.isyeg.com\/index.php?rest_route=\/wp\/v2\/users\/1"}],"replies":[{"embeddable":true,"href":"http:\/\/www.isyeg.com\/index.php?rest_route=%2Fwp%2Fv2%2Fcomments&post=1414"}],"version-history":[{"count":1,"href":"http:\/\/www.isyeg.com\/index.php?rest_route=\/wp\/v2\/posts\/1414\/revisions"}],"predecessor-version":[{"id":1416,"href":"http:\/\/www.isyeg.com\/index.php?rest_route=\/wp\/v2\/posts\/1414\/revisions\/1416"}],"wp:featuredmedia":[{"embeddable":true,"href":"http:\/\/www.isyeg.com\/index.php?rest_route=\/wp\/v2\/media\/1244"}],"wp:attachment":[{"href":"http:\/\/www.isyeg.com\/index.php?rest_route=%2Fwp%2Fv2%2Fmedia&parent=1414"}],"wp:term":[{"taxonomy":"category","embeddable":true,"href":"http:\/\/www.isyeg.com\/index.php?rest_route=%2Fwp%2Fv2%2Fcategories&post=1414"},{"taxonomy":"post_tag","embeddable":true,"href":"http:\/\/www.isyeg.com\/index.php?rest_route=%2Fwp%2Fv2%2Ftags&post=1414"}],"curies":[{"name":"wp","href":"https:\/\/api.w.org\/{rel}","templated":true}]}}