{"id":1395,"date":"2023-11-07T07:00:12","date_gmt":"2023-11-07T07:00:12","guid":{"rendered":"http:\/\/www.isyeg.com\/?p=1395"},"modified":"2023-11-08T06:57:07","modified_gmt":"2023-11-08T06:57:07","slug":"kadim-sehir-iskilip","status":"publish","type":"post","link":"http:\/\/www.isyeg.com\/?p=1395","title":{"rendered":"KAD\u0130M \u015eEH\u0130R \u0130SK\u0130L\u0130P"},"content":{"rendered":"\n<p>\u0130skilip Yerel Eylem Grubu Derne\u011fi olarak 2023 Y\u0131ll\u0131k Uygulama Plan\u0131m\u0131za ait \u201c Faaliyet 2.14.a \u0130skilip\u2019in tarihi k\u00fclt\u00fcrel varl\u0131klar\u0131n\u0131n sahip oldu\u011fu do\u011fal zenginliklerin s\u00fcrd\u00fcr\u00fclebilir bir turizm modeline d\u00f6n\u00fc\u015fmesi maksad\u0131yla ve tan\u0131t\u0131m faaliyetlerinde de kullan\u0131lmas\u0131 i\u00e7in k\u00fclt\u00fcrel-tarihi birikimini anlatan, y\u00f6resel lezzetlerin tan\u0131t\u0131m\u0131n\u0131 da i\u00e7eren belgesel ve video klip \u00e7ekimi&#8221; kapsam\u0131nda il\u00e7emizin tan\u0131t\u0131m filmi projesini ba\u015far\u0131yla tamamlad\u0131k.<\/p>\n\n\n\n<p>Derne\u011fimiz 2023 Y\u0131l\u0131 Y\u0131ll\u0131k Uygulama Plan\u0131nda yer alan ve il\u00e7emizin d\u00fcnyaya a\u00e7\u0131lan y\u00fcz\u00fc olmas\u0131 maksad\u0131yla uzun s\u00fcredir \u00e7al\u0131\u015fmalar\u0131 devam eden ve yo\u011fun emek ve \u00e7abalarla ortaya \u00e7\u0131kar\u0131lan \u201cKadim \u015eehir \u0130skilip\u201d adl\u0131 tan\u0131t\u0131m filmini ba\u015far\u0131yla tamamlad\u0131k.<\/p>\n\n\n\n<p>Projemizin \u00e7ekimleri esnas\u0131nda il\u00e7emizin do\u011fal,tarihi,k\u00fclt\u00fcrel,gastronomik ve di\u011fer bir\u00e7ok alandaki de\u011ferlerini en g\u00fczel \u015fekilde yans\u0131tmaya ve tan\u0131tmaya \u00e7al\u0131\u015ft\u0131k.<\/p>\n\n\n\n<p>\u201c\u0130l\u00e7emizin d\u00fcnyaya a\u00e7\u0131lan y\u00fcz\u00fc\u201d slogan\u0131yla &nbsp;hareketle \u00e7ekimleri pek \u00e7ok alanda ve sahada ger\u00e7ekle\u015ftirilen filmimizin il\u00e7emizi en iyi anlamda tan\u0131t\u0131lmas\u0131, k\u00fclt\u00fcrel de\u011ferlerimizin samimi bir \u015fekilde aktar\u0131lmas\u0131 i\u00e7in yo\u011fun \u00e7abalar sarf ettik.<\/p>\n\n\n\n<p>\u0130l\u00e7emizi ulusal ve uluslaras\u0131 mecralarda tan\u0131tmak, bilinirli\u011fini art\u0131rmak ve cazibe merkezi haline getirilebilmek \u00f6ncelikli hedeflerimiz aras\u0131ndad\u0131r.<\/p>\n\n\n\n<p>Projenin ba\u015f\u0131ndan sonuna desteklerini esirgemeyen \u0130SDAK Y\u00f6netim Kurulu Ba\u015fkan\u0131 Say\u0131n Hasan G\u00dc\u00c7L\u00dc beyefendiye ve di\u011fer emekta\u015flar\u0131m\u0131za sonsuz sayg\u0131 ve sevgilerimizi sunar\u0131z.<\/p>\n\n\n\n<p>A\u015fa\u011f\u0131daki ba\u011flant\u0131 adresi \u00fczerinden&nbsp; tan\u0131t\u0131m filmimize ula\u015fabilir, videoyu be\u011fenerek bize desktek olabilir ve di\u011fer sosyal platformlarda da payla\u015farak il\u00e7emizin tan\u0131tm\u0131na katk\u0131da bulunabilirsiniz.<\/p>\n\n\n\n<figure class=\"wp-block-embed is-type-video is-provider-youtube wp-block-embed-youtube wp-embed-aspect-16-9 wp-has-aspect-ratio\"><div class=\"wp-block-embed__wrapper\">\n<iframe loading=\"lazy\" title=\"Kadim \u015eehir \u0130skilip\" width=\"715\" height=\"402\" src=\"https:\/\/www.youtube.com\/embed\/5p3P7gJJAUQ?feature=oembed\" frameborder=\"0\" allow=\"accelerometer; autoplay; clipboard-write; encrypted-media; gyroscope; picture-in-picture; web-share\" allowfullscreen><\/iframe>\n<\/div><\/figure>\n\n\n\n<p>MUSTAFA SERDAR \u00c7ORUMLU<\/p>\n\n\n\n<p>\u0130SK\u0130L\u0130P YEREL EYLEM GRUBU DERNE\u011e\u0130<\/p>\n\n\n\n<p>Y\u00d6NET\u0130M KURULU BA\u015eKANI<\/p>\n\n\n\n<p><\/p>\n\n\n\n<p><\/p>\n\n\n\n<p><\/p>\n\n\n\n<p><\/p>\n\n\n\n<p><\/p>\n","protected":false},"excerpt":{"rendered":"<p>\u0130skilip Yerel Eylem Grubu Derne\u011fi olarak 2023 Y\u0131ll\u0131k Uygulama Plan\u0131m\u0131za ait \u201c Faaliyet 2.14.a \u0130skilip\u2019in tarihi k\u00fclt\u00fcrel varl\u0131klar\u0131n\u0131n sahip oldu\u011fu do\u011fal zenginliklerin s\u00fcrd\u00fcr\u00fclebilir bir<\/p>\n","protected":false},"author":1,"featured_media":0,"comment_status":"closed","ping_status":"open","sticky":false,"template":"","format":"standard","meta":{"footnotes":""},"categories":[135,1],"tags":[],"class_list":["post-1395","post","type-post","status-publish","format-standard","hentry","category-projelerimiz-faaliyetlerimiz","category-uncategorized"],"_links":{"self":[{"href":"http:\/\/www.isyeg.com\/index.php?rest_route=\/wp\/v2\/posts\/1395","targetHints":{"allow":["GET"]}}],"collection":[{"href":"http:\/\/www.isyeg.com\/index.php?rest_route=\/wp\/v2\/posts"}],"about":[{"href":"http:\/\/www.isyeg.com\/index.php?rest_route=\/wp\/v2\/types\/post"}],"author":[{"embeddable":true,"href":"http:\/\/www.isyeg.com\/index.php?rest_route=\/wp\/v2\/users\/1"}],"replies":[{"embeddable":true,"href":"http:\/\/www.isyeg.com\/index.php?rest_route=%2Fwp%2Fv2%2Fcomments&post=1395"}],"version-history":[{"count":3,"href":"http:\/\/www.isyeg.com\/index.php?rest_route=\/wp\/v2\/posts\/1395\/revisions"}],"predecessor-version":[{"id":1399,"href":"http:\/\/www.isyeg.com\/index.php?rest_route=\/wp\/v2\/posts\/1395\/revisions\/1399"}],"wp:attachment":[{"href":"http:\/\/www.isyeg.com\/index.php?rest_route=%2Fwp%2Fv2%2Fmedia&parent=1395"}],"wp:term":[{"taxonomy":"category","embeddable":true,"href":"http:\/\/www.isyeg.com\/index.php?rest_route=%2Fwp%2Fv2%2Fcategories&post=1395"},{"taxonomy":"post_tag","embeddable":true,"href":"http:\/\/www.isyeg.com\/index.php?rest_route=%2Fwp%2Fv2%2Ftags&post=1395"}],"curies":[{"name":"wp","href":"https:\/\/api.w.org\/{rel}","templated":true}]}}