{"id":1172,"date":"2023-01-12T18:46:02","date_gmt":"2023-01-12T18:46:02","guid":{"rendered":"http:\/\/www.isyeg.com\/?p=1172"},"modified":"2023-03-24T07:02:10","modified_gmt":"2023-03-24T07:02:10","slug":"iskilip-yerel-eylem-grubu-dernegi-faaliyet-4-3-kapsaminda-denizli-cal-kayipazari-yerel-eylem-grubu-dernegini-ziyaret-ettik","status":"publish","type":"post","link":"http:\/\/www.isyeg.com\/?p=1172","title":{"rendered":"\u0130SK\u0130L\u0130P YEREL EYLEM GRUBU DERNE\u011e\u0130 FAAL\u0130YET 4.3 KAPSAMINDA DEN\u0130ZL\u0130 \u00c7AL- KAYIPAZARI YEREL EYLEM GRUBU DERNE\u011e\u0130N\u0130 Z\u0130YARET ETT\u0130K."},"content":{"rendered":"\n<p>\u0130skilip Yerel Eylem Grubu Derne\u011fi olarak Y\u0131ll\u0131k Uygulama Plan\u0131m\u0131z d\u00e2hilinde ger\u00e7ekle\u015ftirmeyi planlad\u0131\u011f\u0131m\u0131z Yurt i\u00e7indeki Yerel Eylem Gruplar\u0131na ziyaret faaliyetimizi ba\u015far\u0131yla tamamlad\u0131k.<\/p>\n\n\n\n<p>Ziyaretimizin \u00fc\u00e7\u00fcnc\u00fc dura\u011f\u0131nda ise Denizli-\u00c7al Kay\u0131pazar\u0131 Yerel Eylem Grubu Derne\u011fini ziyaret ettik. Ziyaretimiz esnas\u0131nda Kay\u0131pazar\u0131 Yerel Eylem Grubu Derne\u011finin ge\u00e7mi\u015ften g\u00fcn\u00fcm\u00fcze faaliyetlerini inceleme f\u0131rsat\u0131 bulduk. 2023 Y\u0131l\u0131 i\u00e7in faaliyetler ve projeler hakk\u0131nda fikir al\u0131\u015fveri\u015flerinde bulunduk. \u00c7al Belediyesi ve \u00c7al Kay\u0131pazar\u0131 Yerel Eylem Grubu Derne\u011finin \u00f6nc\u00fcl\u00fc\u011f\u00fcnde kurulan ve \u00c7al Karas\u0131 \u00c7al Kad\u0131n Kooperatifinin de emekleriyle hayata ge\u00e7irilen y\u00f6resel \u00fcr\u00fcnlerinin pazarlamas\u0131n\u0131n ve sat\u0131\u015f\u0131n\u0131n ger\u00e7ekle\u015ftirildi\u011fi ofisi ziyaret etme \u015fans\u0131 yakalad\u0131k. Misafirperverliklerinden \u00f6t\u00fcr\u00fc YKS Uzman\u0131 Say\u0131n Medine Tekin han\u0131mefendiye sonsuz \u015f\u00fckranlar\u0131m\u0131z\u0131 sunar\u0131z.<\/p>\n\n\n\n<p><\/p>\n\n\n\n<p><\/p>\n\n\n\n<p><\/p>\n\n\n\n<figure class=\"wp-block-gallery has-nested-images columns-default is-cropped wp-block-gallery-1 is-layout-flex wp-block-gallery-is-layout-flex\">\n<figure class=\"wp-block-image size-large\"><img loading=\"lazy\" decoding=\"async\" width=\"1024\" height=\"683\" data-id=\"1173\" src=\"http:\/\/www.isyeg.com\/wp-content\/uploads\/2023\/01\/IMG_4277-1024x683.jpg\" alt=\"\" class=\"wp-image-1173\" srcset=\"http:\/\/www.isyeg.com\/wp-content\/uploads\/2023\/01\/IMG_4277-1024x683.jpg 1024w, http:\/\/www.isyeg.com\/wp-content\/uploads\/2023\/01\/IMG_4277-300x200.jpg 300w, http:\/\/www.isyeg.com\/wp-content\/uploads\/2023\/01\/IMG_4277-768x512.jpg 768w, http:\/\/www.isyeg.com\/wp-content\/uploads\/2023\/01\/IMG_4277-1536x1024.jpg 1536w, http:\/\/www.isyeg.com\/wp-content\/uploads\/2023\/01\/IMG_4277-2048x1365.jpg 2048w\" sizes=\"auto, (max-width: 1024px) 100vw, 1024px\" \/><\/figure>\n\n\n\n<figure class=\"wp-block-image size-large\"><img loading=\"lazy\" decoding=\"async\" width=\"1024\" height=\"683\" data-id=\"1174\" src=\"http:\/\/www.isyeg.com\/wp-content\/uploads\/2023\/01\/IMG_4278-1024x683.jpg\" alt=\"\" class=\"wp-image-1174\" srcset=\"http:\/\/www.isyeg.com\/wp-content\/uploads\/2023\/01\/IMG_4278-1024x683.jpg 1024w, http:\/\/www.isyeg.com\/wp-content\/uploads\/2023\/01\/IMG_4278-300x200.jpg 300w, http:\/\/www.isyeg.com\/wp-content\/uploads\/2023\/01\/IMG_4278-768x512.jpg 768w, http:\/\/www.isyeg.com\/wp-content\/uploads\/2023\/01\/IMG_4278-1536x1024.jpg 1536w, http:\/\/www.isyeg.com\/wp-content\/uploads\/2023\/01\/IMG_4278-2048x1365.jpg 2048w\" sizes=\"auto, (max-width: 1024px) 100vw, 1024px\" \/><\/figure>\n\n\n\n<figure class=\"wp-block-image size-large\"><img loading=\"lazy\" decoding=\"async\" width=\"1024\" height=\"683\" data-id=\"1175\" src=\"http:\/\/www.isyeg.com\/wp-content\/uploads\/2023\/01\/IMG_4284-1024x683.jpg\" alt=\"\" class=\"wp-image-1175\" srcset=\"http:\/\/www.isyeg.com\/wp-content\/uploads\/2023\/01\/IMG_4284-1024x683.jpg 1024w, http:\/\/www.isyeg.com\/wp-content\/uploads\/2023\/01\/IMG_4284-300x200.jpg 300w, http:\/\/www.isyeg.com\/wp-content\/uploads\/2023\/01\/IMG_4284-768x512.jpg 768w, http:\/\/www.isyeg.com\/wp-content\/uploads\/2023\/01\/IMG_4284-1536x1024.jpg 1536w, http:\/\/www.isyeg.com\/wp-content\/uploads\/2023\/01\/IMG_4284-2048x1365.jpg 2048w\" sizes=\"auto, (max-width: 1024px) 100vw, 1024px\" \/><\/figure>\n\n\n\n<figure class=\"wp-block-image size-large\"><img loading=\"lazy\" decoding=\"async\" width=\"1024\" height=\"683\" data-id=\"1176\" src=\"http:\/\/www.isyeg.com\/wp-content\/uploads\/2023\/01\/IMG_4326-1024x683.jpg\" alt=\"\" class=\"wp-image-1176\" srcset=\"http:\/\/www.isyeg.com\/wp-content\/uploads\/2023\/01\/IMG_4326-1024x683.jpg 1024w, http:\/\/www.isyeg.com\/wp-content\/uploads\/2023\/01\/IMG_4326-300x200.jpg 300w, http:\/\/www.isyeg.com\/wp-content\/uploads\/2023\/01\/IMG_4326-768x512.jpg 768w, http:\/\/www.isyeg.com\/wp-content\/uploads\/2023\/01\/IMG_4326-1536x1024.jpg 1536w, http:\/\/www.isyeg.com\/wp-content\/uploads\/2023\/01\/IMG_4326-2048x1365.jpg 2048w\" sizes=\"auto, (max-width: 1024px) 100vw, 1024px\" \/><\/figure>\n\n\n\n<figure class=\"wp-block-image size-large\"><img loading=\"lazy\" decoding=\"async\" width=\"1024\" height=\"683\" data-id=\"1177\" src=\"http:\/\/www.isyeg.com\/wp-content\/uploads\/2023\/01\/IMG_4328-1024x683.jpg\" alt=\"\" class=\"wp-image-1177\" srcset=\"http:\/\/www.isyeg.com\/wp-content\/uploads\/2023\/01\/IMG_4328-1024x683.jpg 1024w, http:\/\/www.isyeg.com\/wp-content\/uploads\/2023\/01\/IMG_4328-300x200.jpg 300w, http:\/\/www.isyeg.com\/wp-content\/uploads\/2023\/01\/IMG_4328-768x512.jpg 768w, http:\/\/www.isyeg.com\/wp-content\/uploads\/2023\/01\/IMG_4328-1536x1024.jpg 1536w, http:\/\/www.isyeg.com\/wp-content\/uploads\/2023\/01\/IMG_4328-2048x1365.jpg 2048w\" sizes=\"auto, (max-width: 1024px) 100vw, 1024px\" \/><\/figure>\n<\/figure>\n\n\n\n<p><\/p>\n","protected":false},"excerpt":{"rendered":"<p>\u0130skilip Yerel Eylem Grubu Derne\u011fi olarak Y\u0131ll\u0131k Uygulama Plan\u0131m\u0131z d\u00e2hilinde ger\u00e7ekle\u015ftirmeyi planlad\u0131\u011f\u0131m\u0131z Yurt i\u00e7indeki Yerel Eylem Gruplar\u0131na ziyaret faaliyetimizi ba\u015far\u0131yla tamamlad\u0131k. Ziyaretimizin \u00fc\u00e7\u00fcnc\u00fc dura\u011f\u0131nda<\/p>\n","protected":false},"author":1,"featured_media":1244,"comment_status":"closed","ping_status":"open","sticky":false,"template":"","format":"standard","meta":{"footnotes":""},"categories":[135],"tags":[134],"class_list":["post-1172","post","type-post","status-publish","format-standard","has-post-thumbnail","hentry","category-projelerimiz-faaliyetlerimiz","tag-haberler"],"_links":{"self":[{"href":"http:\/\/www.isyeg.com\/index.php?rest_route=\/wp\/v2\/posts\/1172","targetHints":{"allow":["GET"]}}],"collection":[{"href":"http:\/\/www.isyeg.com\/index.php?rest_route=\/wp\/v2\/posts"}],"about":[{"href":"http:\/\/www.isyeg.com\/index.php?rest_route=\/wp\/v2\/types\/post"}],"author":[{"embeddable":true,"href":"http:\/\/www.isyeg.com\/index.php?rest_route=\/wp\/v2\/users\/1"}],"replies":[{"embeddable":true,"href":"http:\/\/www.isyeg.com\/index.php?rest_route=%2Fwp%2Fv2%2Fcomments&post=1172"}],"version-history":[{"count":2,"href":"http:\/\/www.isyeg.com\/index.php?rest_route=\/wp\/v2\/posts\/1172\/revisions"}],"predecessor-version":[{"id":1245,"href":"http:\/\/www.isyeg.com\/index.php?rest_route=\/wp\/v2\/posts\/1172\/revisions\/1245"}],"wp:featuredmedia":[{"embeddable":true,"href":"http:\/\/www.isyeg.com\/index.php?rest_route=\/wp\/v2\/media\/1244"}],"wp:attachment":[{"href":"http:\/\/www.isyeg.com\/index.php?rest_route=%2Fwp%2Fv2%2Fmedia&parent=1172"}],"wp:term":[{"taxonomy":"category","embeddable":true,"href":"http:\/\/www.isyeg.com\/index.php?rest_route=%2Fwp%2Fv2%2Fcategories&post=1172"},{"taxonomy":"post_tag","embeddable":true,"href":"http:\/\/www.isyeg.com\/index.php?rest_route=%2Fwp%2Fv2%2Ftags&post=1172"}],"curies":[{"name":"wp","href":"https:\/\/api.w.org\/{rel}","templated":true}]}}