{"id":1149,"date":"2023-01-02T12:18:40","date_gmt":"2023-01-02T12:18:40","guid":{"rendered":"http:\/\/www.isyeg.com\/?p=1149"},"modified":"2023-01-02T12:18:42","modified_gmt":"2023-01-02T12:18:42","slug":"iskilip-yerel-eylem-grubu-dernegi-faaliyet-4-3-diger-yeglerle-ortak-iletisim-ve-ulusal-ag-etkinliklerine-katilim-faaliyeti-kapsaminda-hizmet-alimi-ilani","status":"publish","type":"post","link":"http:\/\/www.isyeg.com\/?p=1149","title":{"rendered":"\u0130SK\u0130L\u0130P YEREL EYLEM GRUBU DERNE\u011e\u0130 FAAL\u0130YET 4.3 D\u0130\u011eER YEG&#8217;LERLE ORTAK \u0130LET\u0130\u015e\u0130M VE ULUSAL A\u011e ETK\u0130NL\u0130KLER\u0130NE KATILIM FAAL\u0130YET\u0130 KAPSAMINDA H\u0130ZMET ALIMI \u0130LANI"},"content":{"rendered":"\n<p>\u0130skilip Yerel Eylem Grubu Derne\u011fi olarak 2022 y\u0131l\u0131 4. \u00c7eyrek D\u00f6nemine ait Faaliyet 4.3 Di\u011fer YEG&#8217;lerle Ortak \u0130leti\u015fim ve Ulusal A\u011f Etkinliklerine Kat\u0131l\u0131m faaliyeti kapsam\u0131nda 4 Ocak 2023- 8 Ocak 2023 tarihleri aras\u0131nda Manisa G\u00f6rdes Yerel Eylem Grubu Derne\u011fi- Manisa Selendi Yerel Eylem Grubu Derne\u011fi ve Denizli \u00c7al-Kay\u0131pazar\u0131 Yerel Eylem Grubu Derne\u011fi &#8211; Denizli \u00c7ameli Yerel Eylem Grubu Derne\u011fi olmak \u00fczere toplamda 2 il ve 4 il\u00e7e 4 Yerel Eylem Grubu Derne\u011fine ziyaret planlamaktad\u0131r. Ziyaret kapsam\u0131nda kat\u0131l\u0131mc\u0131lar\u0131m\u0131z\u0131n ula\u015f\u0131m ve konaklama giderlerinin kar\u015f\u0131lanmas\u0131 amac\u0131yla faaliyetimize ili\u015fkin Teklif Formu ve Teknik \u015eartname a\u015fa\u011f\u0131da bulunmaktad\u0131r. <\/p>\n\n\n\n<p>Verilen ilana teklif s\u00fcresi ilan\u0131n yay\u0131nland\u0131\u011f\u0131 tarihten itibaren ge\u00e7erli olmak \u00fczere 2(iki) g\u00fcnd\u00fcr. <\/p>\n\n\n\n<div class=\"wp-block-file\"><a href=\"http:\/\/www.isyeg.com\/wp-content\/uploads\/2023\/01\/GEZI-FAALIYETI-TEKLIF-FORMU.pdf\">GEZI-FAALIYETI-TEKLIF-FORMU<\/a><a href=\"http:\/\/www.isyeg.com\/wp-content\/uploads\/2023\/01\/GEZI-FAALIYETI-TEKLIF-FORMU.pdf\" class=\"wp-block-file__button\" download>\u0130ndir<\/a><\/div>\n\n\n\n<div class=\"wp-block-file\"><a href=\"http:\/\/www.isyeg.com\/wp-content\/uploads\/2023\/01\/GEZI-FAALIYETI-TEKNIK-SARTNAME.pdf\">GEZI-FAALIYETI-TEKNIK-SARTNAME<\/a><a href=\"http:\/\/www.isyeg.com\/wp-content\/uploads\/2023\/01\/GEZI-FAALIYETI-TEKNIK-SARTNAME.pdf\" class=\"wp-block-file__button\" download>\u0130ndir<\/a><\/div>\n\n\n\n<p>Sayg\u0131lar\u0131m\u0131zla <\/p>\n\n\n\n<p>\u0130skilip Yerel Eylem Grubu Derne\u011fi <\/p>\n","protected":false},"excerpt":{"rendered":"<p>\u0130skilip Yerel Eylem Grubu Derne\u011fi olarak 2022 y\u0131l\u0131 4. \u00c7eyrek D\u00f6nemine ait Faaliyet 4.3 Di\u011fer YEG&#8217;lerle Ortak \u0130leti\u015fim ve Ulusal A\u011f Etkinliklerine Kat\u0131l\u0131m faaliyeti<\/p>\n","protected":false},"author":1,"featured_media":760,"comment_status":"closed","ping_status":"open","sticky":false,"template":"","format":"standard","meta":{"footnotes":""},"categories":[10],"tags":[],"class_list":["post-1149","post","type-post","status-publish","format-standard","has-post-thumbnail","hentry","category-duyurular"],"_links":{"self":[{"href":"http:\/\/www.isyeg.com\/index.php?rest_route=\/wp\/v2\/posts\/1149","targetHints":{"allow":["GET"]}}],"collection":[{"href":"http:\/\/www.isyeg.com\/index.php?rest_route=\/wp\/v2\/posts"}],"about":[{"href":"http:\/\/www.isyeg.com\/index.php?rest_route=\/wp\/v2\/types\/post"}],"author":[{"embeddable":true,"href":"http:\/\/www.isyeg.com\/index.php?rest_route=\/wp\/v2\/users\/1"}],"replies":[{"embeddable":true,"href":"http:\/\/www.isyeg.com\/index.php?rest_route=%2Fwp%2Fv2%2Fcomments&post=1149"}],"version-history":[{"count":1,"href":"http:\/\/www.isyeg.com\/index.php?rest_route=\/wp\/v2\/posts\/1149\/revisions"}],"predecessor-version":[{"id":1152,"href":"http:\/\/www.isyeg.com\/index.php?rest_route=\/wp\/v2\/posts\/1149\/revisions\/1152"}],"wp:featuredmedia":[{"embeddable":true,"href":"http:\/\/www.isyeg.com\/index.php?rest_route=\/wp\/v2\/media\/760"}],"wp:attachment":[{"href":"http:\/\/www.isyeg.com\/index.php?rest_route=%2Fwp%2Fv2%2Fmedia&parent=1149"}],"wp:term":[{"taxonomy":"category","embeddable":true,"href":"http:\/\/www.isyeg.com\/index.php?rest_route=%2Fwp%2Fv2%2Fcategories&post=1149"},{"taxonomy":"post_tag","embeddable":true,"href":"http:\/\/www.isyeg.com\/index.php?rest_route=%2Fwp%2Fv2%2Ftags&post=1149"}],"curies":[{"name":"wp","href":"https:\/\/api.w.org\/{rel}","templated":true}]}}