{"id":1060,"date":"2022-12-15T07:50:28","date_gmt":"2022-12-15T07:50:28","guid":{"rendered":"http:\/\/www.isyeg.com\/?p=1060"},"modified":"2022-12-15T07:50:30","modified_gmt":"2022-12-15T07:50:30","slug":"faaliyet-1-17-ceviz-verim-ve-kalitesinin-yukseltilmesi-ve-gelisimine-yonelik-egitimler","status":"publish","type":"post","link":"http:\/\/www.isyeg.com\/?p=1060","title":{"rendered":"FAAL\u0130YET 1.17 CEV\u0130Z VER\u0130M VE KAL\u0130TES\u0130N\u0130N Y\u00dcKSELT\u0130LMES\u0130 VE GEL\u0130\u015e\u0130M\u0130NE Y\u00d6NEL\u0130K E\u011e\u0130T\u0130MLER"},"content":{"rendered":"\n<p>Yerli kaliteli ceviz \u00fcretimini ve de  t\u00fcketiminin artt\u0131r\u0131lmas\u0131 amac\u0131yla,y\u00f6rede ceviz \u00fcreticili\u011fi yapan ve ceviz \u00fcretici\u011fine ba\u015flamak isteyen 15 ki\u015finin kat\u0131l\u0131m\u0131n sa\u011flanmas\u0131 ama\u00e7lanmaktad\u0131r. E\u011fitimimiz 23.12.2022 de ba\u015flayacak olup 25.12.2022 de bitecektir,3 g\u00fcn s\u00fcrecek e\u011fitimimiz 10:00-15:00 saatleri aras\u0131nda \u0130skilip Yerel Eylem Grubu Derne\u011fi\u2019nde yap\u0131lacakt\u0131r.<\/p>\n\n\n\n<p>E\u011fitim i\u00e7in gerekli olan e\u011fitimci hizmeti al\u0131m\u0131,materyal temini ve yemekli ikram servisi al\u0131m hizmeti ilanlar\u0131na verilecek tekliflerin s\u00fcresi ilanlar yay\u0131mland\u0131\u011f\u0131 tarihten itibaren 17.12.2022 saat 17:00\u2019a ge\u00e7erli olacakt\u0131r. Teklifler elden, posta yoluyla veya elektronik posta adresine ilan s\u00fcresi tamamlanmadan g\u00f6nderilmelidir.<\/p>\n\n\n\n<p>E\u011fitim i\u00e7in gerekli olan e\u011fitimci hizmeti al\u0131m\u0131,materyal, yemekli ikram servisi hizmet al\u0131m\u0131 teklifler ve teknik \u015fartnameler ektedir.<\/p>\n\n\n\n<p>Bask\u0131l\u0131 materyallerde LEADER g\u00f6r\u00fcn\u00fcrl\u00fck rehberine uygun \u015fekilde haz\u0131rlanacakt\u0131r.<\/p>\n\n\n\n<div class=\"wp-block-file\"><a href=\"http:\/\/www.isyeg.com\/wp-content\/uploads\/2022\/12\/CEVIZ-EGITIMI-EGITIMCI-TEKLIF.pdf\">CEVIZ-EGITIMI-EGITIMCI-TEKLIF<\/a><a href=\"http:\/\/www.isyeg.com\/wp-content\/uploads\/2022\/12\/CEVIZ-EGITIMI-EGITIMCI-TEKLIF.pdf\" class=\"wp-block-file__button\" download>\u0130ndir<\/a><\/div>\n\n\n\n<div class=\"wp-block-file\"><a href=\"http:\/\/www.isyeg.com\/wp-content\/uploads\/2022\/12\/CEVIZ-EGITIMI-EGITIMCI-TEKNIK-SARTNAME.pdf\">CEVIZ-EGITIMI-EGITIMCI-TEKNIK-SARTNAME<\/a><a href=\"http:\/\/www.isyeg.com\/wp-content\/uploads\/2022\/12\/CEVIZ-EGITIMI-EGITIMCI-TEKNIK-SARTNAME.pdf\" class=\"wp-block-file__button\" download>\u0130ndir<\/a><\/div>\n\n\n\n<div class=\"wp-block-file\"><a href=\"http:\/\/www.isyeg.com\/wp-content\/uploads\/2022\/12\/CEVIZ-EGITIMI-MATERYAL-TEKLIF-FORMU.pdf\">CEVIZ-EGITIMI-MATERYAL-TEKLIF-FORMU<\/a><a href=\"http:\/\/www.isyeg.com\/wp-content\/uploads\/2022\/12\/CEVIZ-EGITIMI-MATERYAL-TEKLIF-FORMU.pdf\" class=\"wp-block-file__button\" download>\u0130ndir<\/a><\/div>\n\n\n\n<div class=\"wp-block-file\"><a href=\"http:\/\/www.isyeg.com\/wp-content\/uploads\/2022\/12\/CEVIZ-EGITIMI-MATERYAL-TEKNIK-SARTNAME.pdf\">CEVIZ-EGITIMI-MATERYAL-TEKNIK-SARTNAME<\/a><a href=\"http:\/\/www.isyeg.com\/wp-content\/uploads\/2022\/12\/CEVIZ-EGITIMI-MATERYAL-TEKNIK-SARTNAME.pdf\" class=\"wp-block-file__button\" download>\u0130ndir<\/a><\/div>\n\n\n\n<div class=\"wp-block-file\"><a href=\"http:\/\/www.isyeg.com\/wp-content\/uploads\/2022\/12\/CEVIZ-EGITIMI-YEMEKLI-IKRAM-TEKLIF-FORMU.pdf\">CEVIZ-EGITIMI-YEMEKLI-IKRAM-TEKLIF-FORMU<\/a><a href=\"http:\/\/www.isyeg.com\/wp-content\/uploads\/2022\/12\/CEVIZ-EGITIMI-YEMEKLI-IKRAM-TEKLIF-FORMU.pdf\" class=\"wp-block-file__button\" download>\u0130ndir<\/a><\/div>\n\n\n\n<div class=\"wp-block-file\"><a href=\"http:\/\/www.isyeg.com\/wp-content\/uploads\/2022\/12\/CEVIZ-EGITIMI-YEMEKLI-IKRAM-TEKNIK-SARTNAME.pdf\">CEVIZ-EGITIMI-YEMEKLI-IKRAM-TEKNIK-SARTNAME<\/a><a href=\"http:\/\/www.isyeg.com\/wp-content\/uploads\/2022\/12\/CEVIZ-EGITIMI-YEMEKLI-IKRAM-TEKNIK-SARTNAME.pdf\" class=\"wp-block-file__button\" download>\u0130ndir<\/a><\/div>\n","protected":false},"excerpt":{"rendered":"<p>Yerli kaliteli ceviz \u00fcretimini ve de t\u00fcketiminin artt\u0131r\u0131lmas\u0131 amac\u0131yla,y\u00f6rede ceviz \u00fcreticili\u011fi yapan ve ceviz \u00fcretici\u011fine ba\u015flamak isteyen 15 ki\u015finin kat\u0131l\u0131m\u0131n sa\u011flanmas\u0131 ama\u00e7lanmaktad\u0131r. E\u011fitimimiz 23.12.2022<\/p>\n","protected":false},"author":1,"featured_media":760,"comment_status":"closed","ping_status":"open","sticky":false,"template":"","format":"standard","meta":{"footnotes":""},"categories":[10],"tags":[],"class_list":["post-1060","post","type-post","status-publish","format-standard","has-post-thumbnail","hentry","category-duyurular"],"_links":{"self":[{"href":"http:\/\/www.isyeg.com\/index.php?rest_route=\/wp\/v2\/posts\/1060","targetHints":{"allow":["GET"]}}],"collection":[{"href":"http:\/\/www.isyeg.com\/index.php?rest_route=\/wp\/v2\/posts"}],"about":[{"href":"http:\/\/www.isyeg.com\/index.php?rest_route=\/wp\/v2\/types\/post"}],"author":[{"embeddable":true,"href":"http:\/\/www.isyeg.com\/index.php?rest_route=\/wp\/v2\/users\/1"}],"replies":[{"embeddable":true,"href":"http:\/\/www.isyeg.com\/index.php?rest_route=%2Fwp%2Fv2%2Fcomments&post=1060"}],"version-history":[{"count":1,"href":"http:\/\/www.isyeg.com\/index.php?rest_route=\/wp\/v2\/posts\/1060\/revisions"}],"predecessor-version":[{"id":1067,"href":"http:\/\/www.isyeg.com\/index.php?rest_route=\/wp\/v2\/posts\/1060\/revisions\/1067"}],"wp:featuredmedia":[{"embeddable":true,"href":"http:\/\/www.isyeg.com\/index.php?rest_route=\/wp\/v2\/media\/760"}],"wp:attachment":[{"href":"http:\/\/www.isyeg.com\/index.php?rest_route=%2Fwp%2Fv2%2Fmedia&parent=1060"}],"wp:term":[{"taxonomy":"category","embeddable":true,"href":"http:\/\/www.isyeg.com\/index.php?rest_route=%2Fwp%2Fv2%2Fcategories&post=1060"},{"taxonomy":"post_tag","embeddable":true,"href":"http:\/\/www.isyeg.com\/index.php?rest_route=%2Fwp%2Fv2%2Ftags&post=1060"}],"curies":[{"name":"wp","href":"https:\/\/api.w.org\/{rel}","templated":true}]}}